{"id":505,"date":"2021-06-23T11:26:38","date_gmt":"2021-06-23T14:26:38","guid":{"rendered":"https:\/\/web.inf.ufpr.br\/ihc\/?p=505"},"modified":"2021-06-23T11:26:39","modified_gmt":"2021-06-23T14:26:39","slug":"dissertacao-do-ihc-ufpr-recebe-o-premio-de-melhor-dissertacao-de-mestrado-em-informatica-na-educacao","status":"publish","type":"post","link":"https:\/\/web.inf.ufpr.br\/ihc\/2021\/06\/23\/dissertacao-do-ihc-ufpr-recebe-o-premio-de-melhor-dissertacao-de-mestrado-em-informatica-na-educacao\/","title":{"rendered":"Disserta\u00e7\u00e3o do IHC-UFPR recebe o pr\u00eamio de Melhor Disserta\u00e7\u00e3o de Mestrado em Inform\u00e1tica na Educa\u00e7\u00e3o"},"content":{"rendered":"\n<p>O CTD da comunidade de Inform\u00e1tica na Educa\u00e7\u00e3o leva o nome do Prof. Alexandre Direne (Concurso Alexandre Direne de Teses, Disserta\u00e7\u00f5es e Trabalhos de Conclus\u00e3o de Curso em Inform\u00e1tica na Educa\u00e7\u00e3o \u2013 CTD).<\/p>\n<p>A aluna J\u00falia Ortiz, Mestre pelo IHC UFPR, orientada do prof. Roberto Pereira no mestrado, recebeu o primeiro lugar com a disserta\u00e7\u00e3o:<\/p>\n<p><a href=\"https:\/\/doi.org\/10.5753\/cbie.wcbie.2020.52\" target=\"_blank\" rel=\"noopener\"><b>Computational Thinking for Youth and Adults Education: Towards a Socially Aware Model<\/b><\/a><\/p>\n","protected":false},"excerpt":{"rendered":"","protected":false},"author":20,"featured_media":0,"comment_status":"closed","ping_status":"closed","sticky":false,"template":"","format":"standard","meta":{"colormag_page_container_layout":"default_layout","colormag_page_sidebar_layout":"default_layout","footnotes":""},"categories":[5,19],"tags":[],"class_list":["post-505","post","type-post","status-publish","format-standard","hentry","category-noticias","category-premios"],"_links":{"self":[{"href":"https:\/\/web.inf.ufpr.br\/ihc\/wp-json\/wp\/v2\/posts\/505","targetHints":{"allow":["GET"]}}],"collection":[{"href":"https:\/\/web.inf.ufpr.br\/ihc\/wp-json\/wp\/v2\/posts"}],"about":[{"href":"https:\/\/web.inf.ufpr.br\/ihc\/wp-json\/wp\/v2\/types\/post"}],"author":[{"embeddable":true,"href":"https:\/\/web.inf.ufpr.br\/ihc\/wp-json\/wp\/v2\/users\/20"}],"replies":[{"embeddable":true,"href":"https:\/\/web.inf.ufpr.br\/ihc\/wp-json\/wp\/v2\/comments?post=505"}],"version-history":[{"count":1,"href":"https:\/\/web.inf.ufpr.br\/ihc\/wp-json\/wp\/v2\/posts\/505\/revisions"}],"predecessor-version":[{"id":506,"href":"https:\/\/web.inf.ufpr.br\/ihc\/wp-json\/wp\/v2\/posts\/505\/revisions\/506"}],"wp:attachment":[{"href":"https:\/\/web.inf.ufpr.br\/ihc\/wp-json\/wp\/v2\/media?parent=505"}],"wp:term":[{"taxonomy":"category","embeddable":true,"href":"https:\/\/web.inf.ufpr.br\/ihc\/wp-json\/wp\/v2\/categories?post=505"},{"taxonomy":"post_tag","embeddable":true,"href":"https:\/\/web.inf.ufpr.br\/ihc\/wp-json\/wp\/v2\/tags?post=505"}],"curies":[{"name":"wp","href":"https:\/\/api.w.org\/{rel}","templated":true}]}}