{"id":247,"date":"2019-10-30T11:58:02","date_gmt":"2019-10-30T14:58:02","guid":{"rendered":"http:\/\/web.inf.ufpr.br\/ihc\/?p=247"},"modified":"2020-09-23T20:19:44","modified_gmt":"2020-09-23T23:19:44","slug":"interfaces-naturais-tecnologias-assistivas-e-educacao-4-0-sao-topicos-em-qualificacoes-de-mestrado","status":"publish","type":"post","link":"https:\/\/web.inf.ufpr.br\/ihc\/2019\/10\/30\/interfaces-naturais-tecnologias-assistivas-e-educacao-4-0-sao-topicos-em-qualificacoes-de-mestrado\/","title":{"rendered":"Interfaces naturais, tecnologias assistivas e educa\u00e7\u00e3o 4.0 s\u00e3o t\u00f3picos em qualifica\u00e7\u00f5es de mestrado"},"content":{"rendered":"\n<p>Tr\u00eas qualifica\u00e7\u00f5es de mestrado de alunos da professora Natasha marcaram o m\u00eas de outubro de 2019.<\/p>\n<p>No dia 16, nosso aluno Guilherme defendeu sua qualifica\u00e7\u00e3o intitulada &#8220;V-BIET: Tecnologia de Avalia\u00e7\u00e3o de Intera\u00e7\u00e3o Baseada em Voz&#8221;.<\/p>\n<figure id=\"attachment_249\" aria-describedby=\"caption-attachment-249\" style=\"width: 300px\" class=\"wp-caption aligncenter\"><img fetchpriority=\"high\" decoding=\"async\" class=\"wp-image-249 size-medium\" src=\"http:\/\/web.inf.ufpr.br\/ihc\/wp-content\/uploads\/sites\/18\/2019\/10\/WhatsApp-Image-2019-10-16-at-13.03.55-300x225.jpeg\" alt=\"\" width=\"300\" height=\"225\" srcset=\"https:\/\/web.inf.ufpr.br\/ihc\/wp-content\/uploads\/sites\/18\/2019\/10\/WhatsApp-Image-2019-10-16-at-13.03.55-300x225.jpeg 300w, https:\/\/web.inf.ufpr.br\/ihc\/wp-content\/uploads\/sites\/18\/2019\/10\/WhatsApp-Image-2019-10-16-at-13.03.55-768x576.jpeg 768w, https:\/\/web.inf.ufpr.br\/ihc\/wp-content\/uploads\/sites\/18\/2019\/10\/WhatsApp-Image-2019-10-16-at-13.03.55-1024x768.jpeg 1024w, https:\/\/web.inf.ufpr.br\/ihc\/wp-content\/uploads\/sites\/18\/2019\/10\/WhatsApp-Image-2019-10-16-at-13.03.55.jpeg 1040w\" sizes=\"(max-width: 300px) 100vw, 300px\" \/><figcaption id=\"caption-attachment-249\" class=\"wp-caption-text\">Guilherme durante sua apresenta\u00e7\u00e3o.<\/figcaption><\/figure>\n<p>No dia 18, o mestrando Deive qualificou-se com o trabalho intitulado &#8220;<span id=\"fbPhotoSnowliftCaption\" class=\"fbPhotosPhotoCaption\" data-ft=\"{&quot;tn&quot;:&quot;K&quot;}\"><span class=\"hasCaption\">PE4.0: um Processo baseado em Tecnologia Educacional para promover compet\u00eancias e habilidades do S\u00e9culo XXI no contexto da Educa\u00e7\u00e3o 4.0<\/span><\/span>&#8220;.<\/p>\n<figure id=\"attachment_251\" aria-describedby=\"caption-attachment-251\" style=\"width: 225px\" class=\"wp-caption aligncenter\"><img decoding=\"async\" class=\"size-medium wp-image-251\" src=\"http:\/\/web.inf.ufpr.br\/ihc\/wp-content\/uploads\/sites\/18\/2019\/10\/WhatsApp-Image-2019-10-18-at-10.08.06-225x300.jpeg\" alt=\"\" width=\"225\" height=\"300\" srcset=\"https:\/\/web.inf.ufpr.br\/ihc\/wp-content\/uploads\/sites\/18\/2019\/10\/WhatsApp-Image-2019-10-18-at-10.08.06-225x300.jpeg 225w, https:\/\/web.inf.ufpr.br\/ihc\/wp-content\/uploads\/sites\/18\/2019\/10\/WhatsApp-Image-2019-10-18-at-10.08.06-768x1024.jpeg 768w, https:\/\/web.inf.ufpr.br\/ihc\/wp-content\/uploads\/sites\/18\/2019\/10\/WhatsApp-Image-2019-10-18-at-10.08.06.jpeg 960w\" sizes=\"(max-width: 225px) 100vw, 225px\" \/><figcaption id=\"caption-attachment-251\" class=\"wp-caption-text\">Deive iniciando sua apresenta\u00e7\u00e3o.<\/figcaption><\/figure>\n<p><br>No dia 21, a mestranda Tatiany defendeu seu projeto de mestrado intitulado &#8220;<span id=\"fbPhotoSnowliftCaption\" class=\"fbPhotosPhotoCaption\" data-ft=\"{&quot;tn&quot;:&quot;K&quot;}\"><span class=\"hasCaption\">UUXAC-DAT: Checklist De Avalia\u00e7\u00e3o De Tecnologias Assistivas Sob A Perspectiva Da Usabilidade, Experi\u00eancia Do Usu\u00e1rio E Acessibilidade Para Surdos Em Aplica\u00e7\u00f5es M\u00f3veis&#8221;.<br><\/span><\/span><\/p>\n<p>&nbsp;<\/p>\n","protected":false},"excerpt":{"rendered":"","protected":false},"author":61,"featured_media":0,"comment_status":"closed","ping_status":"closed","sticky":false,"template":"","format":"standard","meta":{"colormag_page_container_layout":"default_layout","colormag_page_sidebar_layout":"default_layout","footnotes":""},"categories":[1],"tags":[35,41,42,38,36],"class_list":["post-247","post","type-post","status-publish","format-standard","hentry","category-sem-categoria","tag-educacao-4-0","tag-interfaces-naturais","tag-mestrado","tag-qualificacoes","tag-tecnologia-assistiva"],"_links":{"self":[{"href":"https:\/\/web.inf.ufpr.br\/ihc\/wp-json\/wp\/v2\/posts\/247","targetHints":{"allow":["GET"]}}],"collection":[{"href":"https:\/\/web.inf.ufpr.br\/ihc\/wp-json\/wp\/v2\/posts"}],"about":[{"href":"https:\/\/web.inf.ufpr.br\/ihc\/wp-json\/wp\/v2\/types\/post"}],"author":[{"embeddable":true,"href":"https:\/\/web.inf.ufpr.br\/ihc\/wp-json\/wp\/v2\/users\/61"}],"replies":[{"embeddable":true,"href":"https:\/\/web.inf.ufpr.br\/ihc\/wp-json\/wp\/v2\/comments?post=247"}],"version-history":[{"count":3,"href":"https:\/\/web.inf.ufpr.br\/ihc\/wp-json\/wp\/v2\/posts\/247\/revisions"}],"predecessor-version":[{"id":411,"href":"https:\/\/web.inf.ufpr.br\/ihc\/wp-json\/wp\/v2\/posts\/247\/revisions\/411"}],"wp:attachment":[{"href":"https:\/\/web.inf.ufpr.br\/ihc\/wp-json\/wp\/v2\/media?parent=247"}],"wp:term":[{"taxonomy":"category","embeddable":true,"href":"https:\/\/web.inf.ufpr.br\/ihc\/wp-json\/wp\/v2\/categories?post=247"},{"taxonomy":"post_tag","embeddable":true,"href":"https:\/\/web.inf.ufpr.br\/ihc\/wp-json\/wp\/v2\/tags?post=247"}],"curies":[{"name":"wp","href":"https:\/\/api.w.org\/{rel}","templated":true}]}}