{"id":242,"date":"2019-10-30T11:47:26","date_gmt":"2019-10-30T14:47:26","guid":{"rendered":"http:\/\/web.inf.ufpr.br\/ihc\/?p=242"},"modified":"2020-09-23T20:20:22","modified_gmt":"2020-09-23T23:20:22","slug":"semana-de-defesas-e-qualificacoes-trazem-um-metodo-orientado-a-valores-e-trabalhos-que-apoiam-inclusao-de-surdos-e-cegos-atraves-da-computacao","status":"publish","type":"post","link":"https:\/\/web.inf.ufpr.br\/ihc\/2019\/10\/30\/semana-de-defesas-e-qualificacoes-trazem-um-metodo-orientado-a-valores-e-trabalhos-que-apoiam-inclusao-de-surdos-e-cegos-atraves-da-computacao\/","title":{"rendered":"Semana de defesas e qualifica\u00e7\u00f5es trazem um m\u00e9todo orientado \u00e0 valores e trabalhos que apoiam inclus\u00e3o de surdos e cegos atrav\u00e9s da computa\u00e7\u00e3o"},"content":{"rendered":"\n<p>Nos dias 25, 26 e 27 de setembro ocorreram defesas e qualifica\u00e7\u00f5es de trabalhos do grupo.<br><br>No dia 25, a nossa aluno Ma\u00edra defendeu sua tese intitulada &#8220;Um m\u00e9todo orientado \u00e0 valores para avalia\u00e7\u00e3o de redes sociais online&#8221;. O trabalho foi orientado pelo professor Roberto Pereira e a banca de avalia\u00e7\u00e3o foi composta pelos professores: Laura Garc\u00eda (UFPR), Juliana Bueno (UFPR) e Elaine Hayashi (Unicamp).<\/p>\n<figure style=\"width: 960px\" class=\"wp-caption alignnone\"><img fetchpriority=\"high\" decoding=\"async\" class=\"spotlight\" src=\"https:\/\/scontent.fbfh12-1.fna.fbcdn.net\/v\/t1.0-9\/70963772_1200376063488751_3104853852805922816_n.jpg?_nc_cat=105&amp;_nc_oc=AQkhr3ZH8ay2z_8cVsHPSNiu2D_GSJWp4Smyq1hU8DC6JMjT_D99AP-1hjVBWDF3MYU&amp;_nc_ht=scontent.fbfh12-1.fna&amp;oh=3c699e554af72432f94df3f177a7ad82&amp;oe=5E235D46\" alt=\"A imagem pode conter: 5 pessoas, pessoas sorrindo, tela e \u00e1rea interna\" width=\"960\" height=\"540\"><figcaption class=\"wp-caption-text\">Ma\u00edra junto \u00e0 banca de avalia\u00e7\u00e3o de seu trabalho<\/figcaption><\/figure>\n<p>No dia 26 a nossa aluna Marta defendeu seu projeto de doutorado intitulado &#8220;HCI-SL-LVE: Um ambiente virtual de apoio ao letramento de crian\u00e7as surdas mediado pela lingua brasileira de sinais &#8211; LIBRAS&#8221;. O trabalho \u00e9 orientado pela professora Laura e a bancafoi composta pelos professores: Andr\u00e9 Guedes (UFPR), Daniela Andrade (UENP), Juliana Bueno (UFPR) e Tanya Felipe (UFPR).<\/p>\n<figure style=\"width: 960px\" class=\"wp-caption alignnone\"><img decoding=\"async\" class=\"spotlight\" src=\"https:\/\/scontent.fbfh12-1.fna.fbcdn.net\/v\/t1.0-9\/70778644_1201216746738016_6277349175621320704_n.jpg?_nc_cat=105&amp;_nc_oc=AQk_UvKfZcf7pB6BeUKuxefBgHYS0VLkemVciAiwybUdBuzELuU5eUIYAzmm-UJuCig&amp;_nc_ht=scontent.fbfh12-1.fna&amp;oh=e1adec6ad0f52f45128119af56454f38&amp;oe=5E2227F4\" alt=\"A imagem pode conter: uma ou mais pessoas, pessoas em p\u00e9 e \u00e1rea interna\" width=\"960\" height=\"720\"><figcaption class=\"wp-caption-text\">Marta junto \u00e0 sua banca ap\u00f3s sua defesa do projeto de doutorado.<\/figcaption><\/figure>\n\n\nLudmilla junto \u00e0 sua banca de avalia\u00e7\u00e3o.\n\n<p>J\u00e1 no dia 27, tivemos uma defesa de doutorado e uma qualifica\u00e7\u00e3o de mestrado. Primeiro, nossa aluna Ludmilla defendeu sua qualifica\u00e7\u00e3o intitulada &#8220;Constru\u00e7\u00e3o de um jogo do G\u00eanero Role-Play Game para Auxiliar o Letramento de Crian\u00e7as Surdas no Ensino Infantil&#8221;. O trabalho tem a orienta\u00e7\u00e3o&nbsp; da professora Laura e teve como banca o professor Roberto Pereira (UFPR), a professora Tanya Felipe (UFPR) e o professor Rafael Canteri (UTFPR).<\/p>\n<figure style=\"width: 960px\" class=\"wp-caption aligncenter\"><img decoding=\"async\" class=\"spotlight\" src=\"https:\/\/scontent.fbfh12-1.fna.fbcdn.net\/v\/t1.0-9\/71320434_1201477126711978_7744076049029267456_n.jpg?_nc_cat=110&amp;_nc_oc=AQlBNWkAU1JUh80MgvI9C63Z3SrDwtXCcVG6AibiUEvzDP3cHAJ9xL_fFIjuamXSwiM&amp;_nc_ht=scontent.fbfh12-1.fna&amp;oh=6854b5d59160a4a560770d2baee31c5e&amp;oe=5E5AD37C\" alt=\"A imagem pode conter: 4 pessoas, pessoas sorrindo, pessoas em p\u00e9, tela e \u00e1rea interna\" width=\"960\" height=\"720\"><figcaption class=\"wp-caption-text\">Ludmilla e sua banca de avalia\u00e7\u00e3o.<\/figcaption><\/figure>\n<p>Encerrando a semana de defesas e qualifica\u00e7\u00f5es, nossa aluna M\u00e1rcia defendeu seu doutorado cujo t\u00edtulo \u00e9 &#8220;ANATOME: Ensino e Aprendizagem de Anatomia Modelados para Todos&#8221;. A orienta\u00e7\u00e3o deste trabalho foi realizada pela professora Laura em conjunto com nosso parceiro, o professor Andr\u00e9 Guedes. Participaram da banca os professores: Roberto Pereira (UFPR), Andrey Pimentel (UFPR), Andr\u00e9a Sonza (IFRS) e Maria Torres (DANAT\/UFPR).<\/p>\n<figure style=\"width: 960px\" class=\"wp-caption aligncenter\"><img loading=\"lazy\" decoding=\"async\" class=\"spotlight\" src=\"https:\/\/scontent.fbfh12-1.fna.fbcdn.net\/v\/t1.0-9\/71948772_1205446936314997_1391057302068396032_n.jpg?_nc_cat=105&amp;_nc_oc=AQlTz90cjEJdyovUPDlr0HF34chLGmSycsk7WBfFN1XVeoKhbGi_j9xuCI5rEtE8Nfo&amp;_nc_ht=scontent.fbfh12-1.fna&amp;oh=2f3b54ba00ae75bbe32f10607f670b52&amp;oe=5E182EEB\" alt=\"A imagem pode conter: 7 pessoas, pessoas sorrindo, \u00e1rea interna\" width=\"960\" height=\"720\"><figcaption class=\"wp-caption-text\">M\u00e1rcia ao lado da banca de avalia\u00e7\u00e3o de seu doutorado.<\/figcaption><\/figure>\n","protected":false},"excerpt":{"rendered":"","protected":false},"author":61,"featured_media":0,"comment_status":"closed","ping_status":"closed","sticky":false,"template":"","format":"standard","meta":{"colormag_page_container_layout":"default_layout","colormag_page_sidebar_layout":"default_layout","footnotes":""},"categories":[1],"tags":[45,46,43,28,47,38,44,33],"class_list":["post-242","post","type-post","status-publish","format-standard","hentry","category-sem-categoria","tag-cegos","tag-computacao","tag-defesas","tag-inclusao","tag-metodo","tag-qualificacoes","tag-surdos","tag-valores"],"_links":{"self":[{"href":"https:\/\/web.inf.ufpr.br\/ihc\/wp-json\/wp\/v2\/posts\/242","targetHints":{"allow":["GET"]}}],"collection":[{"href":"https:\/\/web.inf.ufpr.br\/ihc\/wp-json\/wp\/v2\/posts"}],"about":[{"href":"https:\/\/web.inf.ufpr.br\/ihc\/wp-json\/wp\/v2\/types\/post"}],"author":[{"embeddable":true,"href":"https:\/\/web.inf.ufpr.br\/ihc\/wp-json\/wp\/v2\/users\/61"}],"replies":[{"embeddable":true,"href":"https:\/\/web.inf.ufpr.br\/ihc\/wp-json\/wp\/v2\/comments?post=242"}],"version-history":[{"count":3,"href":"https:\/\/web.inf.ufpr.br\/ihc\/wp-json\/wp\/v2\/posts\/242\/revisions"}],"predecessor-version":[{"id":412,"href":"https:\/\/web.inf.ufpr.br\/ihc\/wp-json\/wp\/v2\/posts\/242\/revisions\/412"}],"wp:attachment":[{"href":"https:\/\/web.inf.ufpr.br\/ihc\/wp-json\/wp\/v2\/media?parent=242"}],"wp:term":[{"taxonomy":"category","embeddable":true,"href":"https:\/\/web.inf.ufpr.br\/ihc\/wp-json\/wp\/v2\/categories?post=242"},{"taxonomy":"post_tag","embeddable":true,"href":"https:\/\/web.inf.ufpr.br\/ihc\/wp-json\/wp\/v2\/tags?post=242"}],"curies":[{"name":"wp","href":"https:\/\/api.w.org\/{rel}","templated":true}]}}