{"id":789,"date":"2024-07-26T16:54:29","date_gmt":"2024-07-26T19:54:29","guid":{"rendered":"https:\/\/web.inf.ufpr.br\/forppgcc-pr\/?p=789"},"modified":"2024-07-27T10:22:43","modified_gmt":"2024-07-27T13:22:43","slug":"forum-de-coordenadores-de-pos-graduacao-em-computacao-discute-avaliacao-e-planejamento-dos-cursos-para-os-proximos-anos","status":"publish","type":"post","link":"https:\/\/web.inf.ufpr.br\/forppgcc-pr\/?p=789","title":{"rendered":"F\u00f3rum de Coordenadores de P\u00f3s-Gradua\u00e7\u00e3o em Computa\u00e7\u00e3o discute avalia\u00e7\u00e3o e planejamento dos cursos para os pr\u00f3ximos anos"},"content":{"rendered":"\n<p class=\"has-medium-font-size\"><em>Relat\u00f3rio apresentado no Congresso da SBC \u00e9 assinado por grupo de trabalho liderado pelo coordenador do PPGInf da UFPR, Roberto Pereira<\/em><\/p>\n\n\n\n<p>Na \u00faltima quarta-feira, 24 de julho, durante o Congresso da Sociedade Brasileira de Computa\u00e7\u00e3o (SBC), foi realizada a reuni\u00e3o do F\u00f3rum dos Coordenadores de P\u00f3s-Gradua\u00e7\u00e3o em Computa\u00e7\u00e3o do pa\u00eds. O evento contou com a participa\u00e7\u00e3o de diversos coordenadores de programas de p\u00f3s-gradua\u00e7\u00e3o de institui\u00e7\u00f5es como UFMA, UFMG, UFC, UNICAMP, USP, UFAM, UFPA, UFMT e UFPE, e dos programas que fazem parte do f\u00f3rum paranaense: UTFPR, UEM, UEL, UNIOESTE, PUCPR e UFPR. Um destaque da reuni\u00e3o foi a apresenta\u00e7\u00e3o do relat\u00f3rio t\u00e9cnico produzido por um grupo de trabalho liderado pelos professores Roberto Pereira, coordenador do programa de p\u00f3s-gradua\u00e7\u00e3o em inform\u00e1tica da UFPR, e Renata Ara\u00fajo, da Universidade Presbiteriana Mackenzie (UPM).<\/p>\n\n\n\n<p>O documento (<a href=\"https:\/\/drive.google.com\/file\/d\/1mCmaJutkeAMW8cUuWGPlGNqzC5KlN0g1\/view?usp=sharing\">clique aqui para acessar a \u00edntegra do planejamento<\/a>), assinado por coordenadores de v\u00e1rios programas do pa\u00eds, avalia os cursos de p\u00f3s-gradua\u00e7\u00e3o em Computa\u00e7\u00e3o e prop\u00f5e um planejamento para os pr\u00f3ximos anos. O documento aponta a necessidade urgente de defini\u00e7\u00e3o de pol\u00edticas estrat\u00e9gicas de ci\u00eancia e tecnologia para a computa\u00e7\u00e3o, com forte investimento e flexibilidade de uso de recursos via universidades e seus programas de p\u00f3s-gradua\u00e7\u00e3o.<\/p>\n\n\n\n<p>O objetivo \u00e9 fomentar a forma\u00e7\u00e3o de pessoal altamente qualificado, o desenvolvimento cient\u00edfico e tecnol\u00f3gico estrat\u00e9gico para o pa\u00eds, a absor\u00e7\u00e3o e reten\u00e7\u00e3o de profissionais qualificados, as condi\u00e7\u00f5es de inova\u00e7\u00e3o e competitividade da iniciativa privada, a realiza\u00e7\u00e3o de projetos de interesse p\u00fablico e a soberania do pa\u00eds em tecnologias computacionais.<\/p>\n\n\n\n<figure class=\"wp-block-image\"><img decoding=\"async\" src=\"https:\/\/lh7-rt.googleusercontent.com\/docsz\/AD_4nXd4-r7qEjyVdgVvpPVdmpmpfWwztiE_CeLX1TM2TWLWCdX1NkCGUMEZ9E0TJZydtYB9CeVwj4JJ1fCuEHa09YOw87Tu4EzDm1VfQPOJBKTUVVH38-rwldIAqZVRmlUrb3aQG9oRU5xoF4GDekc3X_Nyqkjv?key=Se_JjHq_UMT4tXjXCLWVLA\" alt=\"\" \/><\/figure>\n\n\n\n<p>No relat\u00f3rio, os coordenadores tamb\u00e9m prop\u00f5em a cria\u00e7\u00e3o de grupos de trabalho para aprofundar as discuss\u00f5es e a\u00e7\u00f5es em cada item do planejamento. O documento t\u00e9cnico, que servir\u00e1 como base para o di\u00e1logo, discuss\u00f5es e a\u00e7\u00f5es colaborativas a serem realizadas pelos diversos atores do ecossistema de p\u00f3s-gradua\u00e7\u00e3o em Computa\u00e7\u00e3o nacional, tamb\u00e9m defende a estrutura\u00e7\u00e3o do f\u00f3rum para apoiar as coordena\u00e7\u00f5es com recursos e canais espec\u00edficos para solu\u00e7\u00e3o de d\u00favidas, troca de ideias e experi\u00eancias.<\/p>\n","protected":false},"excerpt":{"rendered":"<p>Relat\u00f3rio apresentado no Congresso da SBC \u00e9 assinado por grupo de trabalho liderado pelo coordenador do PPGInf da UFPR, Roberto<\/p>\n","protected":false},"author":101,"featured_media":794,"comment_status":"closed","ping_status":"open","sticky":false,"template":"","format":"standard","meta":{"colormag_page_container_layout":"default_layout","colormag_page_sidebar_layout":"default_layout","footnotes":""},"categories":[26],"tags":[20,86],"class_list":["post-789","post","type-post","status-publish","format-standard","has-post-thumbnail","hentry","category-eventos","tag-ppgcomp","tag-utfpr"],"_links":{"self":[{"href":"https:\/\/web.inf.ufpr.br\/forppgcc-pr\/index.php?rest_route=\/wp\/v2\/posts\/789","targetHints":{"allow":["GET"]}}],"collection":[{"href":"https:\/\/web.inf.ufpr.br\/forppgcc-pr\/index.php?rest_route=\/wp\/v2\/posts"}],"about":[{"href":"https:\/\/web.inf.ufpr.br\/forppgcc-pr\/index.php?rest_route=\/wp\/v2\/types\/post"}],"author":[{"embeddable":true,"href":"https:\/\/web.inf.ufpr.br\/forppgcc-pr\/index.php?rest_route=\/wp\/v2\/users\/101"}],"replies":[{"embeddable":true,"href":"https:\/\/web.inf.ufpr.br\/forppgcc-pr\/index.php?rest_route=%2Fwp%2Fv2%2Fcomments&post=789"}],"version-history":[{"count":2,"href":"https:\/\/web.inf.ufpr.br\/forppgcc-pr\/index.php?rest_route=\/wp\/v2\/posts\/789\/revisions"}],"predecessor-version":[{"id":796,"href":"https:\/\/web.inf.ufpr.br\/forppgcc-pr\/index.php?rest_route=\/wp\/v2\/posts\/789\/revisions\/796"}],"wp:featuredmedia":[{"embeddable":true,"href":"https:\/\/web.inf.ufpr.br\/forppgcc-pr\/index.php?rest_route=\/wp\/v2\/media\/794"}],"wp:attachment":[{"href":"https:\/\/web.inf.ufpr.br\/forppgcc-pr\/index.php?rest_route=%2Fwp%2Fv2%2Fmedia&parent=789"}],"wp:term":[{"taxonomy":"category","embeddable":true,"href":"https:\/\/web.inf.ufpr.br\/forppgcc-pr\/index.php?rest_route=%2Fwp%2Fv2%2Fcategories&post=789"},{"taxonomy":"post_tag","embeddable":true,"href":"https:\/\/web.inf.ufpr.br\/forppgcc-pr\/index.php?rest_route=%2Fwp%2Fv2%2Ftags&post=789"}],"curies":[{"name":"wp","href":"https:\/\/api.w.org\/{rel}","templated":true}]}}