{"id":759,"date":"2023-04-26T19:51:35","date_gmt":"2023-04-26T22:51:35","guid":{"rendered":"https:\/\/web.inf.ufpr.br\/forppgcc-pr\/?p=759"},"modified":"2023-04-26T19:52:20","modified_gmt":"2023-04-26T22:52:20","slug":"data-profiling-uma-retrospectiva-e-uma-visao-para-o-futuro","status":"publish","type":"post","link":"https:\/\/web.inf.ufpr.br\/forppgcc-pr\/?p=759","title":{"rendered":"Data Profiling &#8211; Uma retrospectiva e uma vis\u00e3o para o futuro"},"content":{"rendered":"\n<p>Data e hora: Ter\u00e7a-feira, 2 de maio de 2023, as 19h00<\/p>\n\n\n\n<p>Link: <a href=\"https:\/\/www.youtube.com\/watch?v=mwa5TkwN-cQ\">https:\/\/www.youtube.com\/watch?v=mwa5TkwN-cQ<\/a> <\/p>\n\n\n\n<p>Resumo: Data profiling envolve a extra\u00e7\u00e3o de metadados (informa\u00e7\u00f5es descritivas) de conjunto de dados. Metadados s\u00e3o utilizados por usu\u00e1rios e aplica\u00e7\u00f5es, de variadas \u00e1reas de conhecimento, em diversas tarefas, como, por exemplo: prepara\u00e7\u00e3o e limpeza de dados; explora\u00e7\u00e3o de dados; engenharia e sele\u00e7\u00e3o de atributos; otimiza\u00e7\u00e3o de consultas; e projeto de banco de dados. Nesta apresenta\u00e7\u00e3o, abordaremos alguns problemas tradicionais da \u00e1rea de data profiling, bem como casos de uso derivados das solu\u00e7\u00f5es desses problemas. Discutiremos brevemente as intui\u00e7\u00f5es algor\u00edtmicas de algumas solu\u00e7\u00f5es recentes. Finalmente, discutiremos problemas em aberto e dire\u00e7\u00f5es de pesquisa promissoras em data profiling e seus casos de uso.<\/p>\n\n\n\n<p><strong>Eduardo Pena, Professor Adjunto na Universidade Tecnol\u00f3gica Federal do Paran\u00e1 (UTFPR) e pesquisador de p\u00f3s-doutorado no LNCC.<\/strong><\/p>\n\n\n\n<p>Eduardo \u00e9 professor na Universidade Tecnol\u00f3gica Federal do Paran\u00e1 (UTFPR) e \u00e9 um bolsista de p\u00f3s-doutorado no LNCC (DEXL). Sua principal pesquisa se concentra em ci\u00eancia e gerenciamento de dados, especialmente em qualidade e integra\u00e7\u00e3o de dados, perfilagem de dados, aprendizado de m\u00e1quina para dados estruturados e extra\u00e7\u00e3o de informa\u00e7\u00f5es. Ele se formou em Ci\u00eancia da Computa\u00e7\u00e3o (2011) e obteve um mestrado (2014), ambos pela Universidade Estadual de Londrina (UEL). Ele obteve seu doutorado em Inform\u00e1tica, com \u00eanfase em Bancos de Dados, pela Universidade Federal do Paran\u00e1 (UFPR) em 2020. Ele recebeu o Pr\u00eamio de Tese de Doutorado da Capes (2021).<\/p>\n","protected":false},"excerpt":{"rendered":"<p>Data e hora: Ter\u00e7a-feira, 2 de maio de 2023, as 19h00 Link: https:\/\/www.youtube.com\/watch?v=mwa5TkwN-cQ Resumo: Data profiling envolve a extra\u00e7\u00e3o de<\/p>\n","protected":false},"author":94,"featured_media":762,"comment_status":"closed","ping_status":"open","sticky":false,"template":"","format":"standard","meta":{"colormag_page_container_layout":"default_layout","colormag_page_sidebar_layout":"default_layout","footnotes":""},"categories":[4],"tags":[48,86],"class_list":["post-759","post","type-post","status-publish","format-standard","has-post-thumbnail","hentry","category-seminarios","tag-ufpr","tag-utfpr"],"_links":{"self":[{"href":"https:\/\/web.inf.ufpr.br\/forppgcc-pr\/index.php?rest_route=\/wp\/v2\/posts\/759","targetHints":{"allow":["GET"]}}],"collection":[{"href":"https:\/\/web.inf.ufpr.br\/forppgcc-pr\/index.php?rest_route=\/wp\/v2\/posts"}],"about":[{"href":"https:\/\/web.inf.ufpr.br\/forppgcc-pr\/index.php?rest_route=\/wp\/v2\/types\/post"}],"author":[{"embeddable":true,"href":"https:\/\/web.inf.ufpr.br\/forppgcc-pr\/index.php?rest_route=\/wp\/v2\/users\/94"}],"replies":[{"embeddable":true,"href":"https:\/\/web.inf.ufpr.br\/forppgcc-pr\/index.php?rest_route=%2Fwp%2Fv2%2Fcomments&post=759"}],"version-history":[{"count":2,"href":"https:\/\/web.inf.ufpr.br\/forppgcc-pr\/index.php?rest_route=\/wp\/v2\/posts\/759\/revisions"}],"predecessor-version":[{"id":764,"href":"https:\/\/web.inf.ufpr.br\/forppgcc-pr\/index.php?rest_route=\/wp\/v2\/posts\/759\/revisions\/764"}],"wp:featuredmedia":[{"embeddable":true,"href":"https:\/\/web.inf.ufpr.br\/forppgcc-pr\/index.php?rest_route=\/wp\/v2\/media\/762"}],"wp:attachment":[{"href":"https:\/\/web.inf.ufpr.br\/forppgcc-pr\/index.php?rest_route=%2Fwp%2Fv2%2Fmedia&parent=759"}],"wp:term":[{"taxonomy":"category","embeddable":true,"href":"https:\/\/web.inf.ufpr.br\/forppgcc-pr\/index.php?rest_route=%2Fwp%2Fv2%2Fcategories&post=759"},{"taxonomy":"post_tag","embeddable":true,"href":"https:\/\/web.inf.ufpr.br\/forppgcc-pr\/index.php?rest_route=%2Fwp%2Fv2%2Ftags&post=759"}],"curies":[{"name":"wp","href":"https:\/\/api.w.org\/{rel}","templated":true}]}}