{"id":674,"date":"2022-10-13T20:56:51","date_gmt":"2022-10-13T23:56:51","guid":{"rendered":"https:\/\/web.inf.ufpr.br\/forppgcc-pr\/?p=674"},"modified":"2022-11-21T09:19:32","modified_gmt":"2022-11-21T12:19:32","slug":"save-the-date-17-e-18-de-novembro-iv-evento-do-forum-em-curitiba","status":"publish","type":"post","link":"https:\/\/web.inf.ufpr.br\/forppgcc-pr\/?p=674","title":{"rendered":"Save the Date: 17 e 18 de novembro &#8211; IV Evento do F\u00f3rum, em Curitiba"},"content":{"rendered":"\n<p>Em 2022, o F\u00f3rum de Programas de P\u00f3s-Gradua\u00e7\u00e3o em Computa\u00e7\u00e3o do Paran\u00e1 (ForPPGC-PR) ocorrer\u00e1 nos dias 17 e 18 de novembro.<\/p>\n\n\n\n<p>No dia 17 de novembro, a agenda ser\u00e1 dedicada a trabalho de planejamento e apresenta\u00e7\u00f5es das pesquisas dos programas.<\/p>\n\n\n\n<p>No dia 18 de novembro haver\u00e1 um <strong>painel<\/strong> sobre &#8220;<strong>O Futuro da P\u00f3s-Gradua\u00e7\u00e3o no Brasil<\/strong>&#8220;, com os Professores Avelino Zorzo (PUCRS), Altigran da Silva (UFAM) e Elias Duarte Jr (UFPR), com media\u00e7\u00e3o do Prof. Luis Bona (UFPR) e discuss\u00e3o com demais coordenadoras e coordenadores do f\u00f3rum.<\/p>\n\n\n\n<p>Mais detalhes da programa\u00e7\u00e3o em breve aqui na <a href=\"https:\/\/web.inf.ufpr.br\/forppgcc-pr\/?page_id=663\" target=\"_blank\" rel=\"noreferrer noopener\" title=\"Save the Date: IV ForPPGC-PR \u2013 17 e 18 de novembro\">p\u00e1gina do evento<\/a>.<\/p>\n\n\n\n<p><strong>17\/11\/22 &#8211; Quinta-Feira<\/strong><br>&#8211; 10:00: Abertura e Boas-Vindas: breve apresenta\u00e7\u00e3o das pessoas presentes<br>&#8211; 10:30: Apresenta\u00e7\u00e3o dos PPGs<br>&#8212;&nbsp; 10:30 &#8211; PUC-PR<br>&#8212;&nbsp;&nbsp;&nbsp;10:45 &#8211; UEL<br>&#8212;&nbsp;&nbsp;&nbsp;11:00 &#8211; UEM<br>&#8212;&nbsp;&nbsp; 11:15 &#8211; UEPG<br>&#8212;&nbsp;&nbsp; 11:30 &#8211; UFPR<br>&#8212;&nbsp;&nbsp; 11:45 &#8211; UTFPR-CM<br>&#8212;&nbsp;&nbsp; 12:00 &#8211; UTFPR-CT<br>&#8212;&nbsp;&nbsp; 12:15 &#8211; UTFPR-CP<br>&#8212;&nbsp;&nbsp; 12:30 &#8211; UTFPR-PG<\/p>\n\n\n\n<p>&#8211; 12:45: Almo\u00e7o<br>&#8211; 14:30: A\u00e7\u00f5es do F\u00f3rum nos \u00faltimos 3 anos e dados gerais<br>&#8211; 15:00: Defini\u00e7\u00e3o da Agenda do F\u00f3rum (5 anos: 2023-2027)<br>&#8211; 17:00: Forma\u00e7\u00e3o de Grupos de Trabalho<br>&#8211; 17:30: Defini\u00e7\u00e3o da pr\u00f3xima coordena\u00e7\u00e3o do F\u00f3rum (ver Estatuto do F\u00f3rum)<br>&#8211; 18:00: Happy Hour<\/p>\n\n\n\n<p><strong>18\/11\/22, Sexta-Feira<\/strong><br>&#8211;&nbsp;09:30: Grupos de Trabalho: Plano de A\u00e7\u00e3o<br>&#8211; 11:30: Almo\u00e7o <br>&#8211; 14:00 \u2013 17:00 \u2014 Mesa sobre o Futuro da P\u00f3s-Gradua\u00e7\u00e3o no Brasil:&nbsp;Prof. Avelino Zorzo (PUCRS),&nbsp;Prof. Altigran da Silva (UFAM),&nbsp;Prof. Elias Duarte (UFPR),&nbsp;media\u00e7\u00e3o Prof. Luis Bona (UFPR)<br>&#8211; 15:30: Coffee-break<br>&#8211; 17:00: Encerramento<\/p>\n\n\n\n<p><\/p>\n\n\n\n<figure class=\"wp-block-image size-large\"><img fetchpriority=\"high\" decoding=\"async\" width=\"1024\" height=\"576\" src=\"http:\/\/web.inf.ufpr.br\/forppgcc-pr\/wp-content\/uploads\/sites\/29\/2022\/10\/WhatsApp-Image-2022-10-13-at-12.00.35-2-1024x576.jpeg\" alt=\"\" class=\"wp-image-668\" srcset=\"https:\/\/web.inf.ufpr.br\/forppgcc-pr\/wp-content\/uploads\/sites\/29\/2022\/10\/WhatsApp-Image-2022-10-13-at-12.00.35-2-1024x576.jpeg 1024w, https:\/\/web.inf.ufpr.br\/forppgcc-pr\/wp-content\/uploads\/sites\/29\/2022\/10\/WhatsApp-Image-2022-10-13-at-12.00.35-2-300x169.jpeg 300w, https:\/\/web.inf.ufpr.br\/forppgcc-pr\/wp-content\/uploads\/sites\/29\/2022\/10\/WhatsApp-Image-2022-10-13-at-12.00.35-2-768x432.jpeg 768w, https:\/\/web.inf.ufpr.br\/forppgcc-pr\/wp-content\/uploads\/sites\/29\/2022\/10\/WhatsApp-Image-2022-10-13-at-12.00.35-2.jpeg 1280w\" sizes=\"(max-width: 1024px) 100vw, 1024px\" \/><\/figure>\n","protected":false},"excerpt":{"rendered":"<p>Em 2022, o F\u00f3rum de Programas de P\u00f3s-Gradua\u00e7\u00e3o em Computa\u00e7\u00e3o do Paran\u00e1 (ForPPGC-PR) ocorrer\u00e1 nos dias 17 e 18 de<\/p>\n","protected":false},"author":20,"featured_media":666,"comment_status":"closed","ping_status":"open","sticky":false,"template":"","format":"standard","meta":{"colormag_page_container_layout":"default_layout","colormag_page_sidebar_layout":"default_layout","footnotes":""},"categories":[26,10],"tags":[113,264,263,262,19],"class_list":["post-674","post","type-post","status-publish","format-standard","has-post-thumbnail","hentry","category-eventos","category-geral","tag-curitiba","tag-evento","tag-forppgcpr","tag-forum","tag-pos-graduacao"],"_links":{"self":[{"href":"https:\/\/web.inf.ufpr.br\/forppgcc-pr\/index.php?rest_route=\/wp\/v2\/posts\/674","targetHints":{"allow":["GET"]}}],"collection":[{"href":"https:\/\/web.inf.ufpr.br\/forppgcc-pr\/index.php?rest_route=\/wp\/v2\/posts"}],"about":[{"href":"https:\/\/web.inf.ufpr.br\/forppgcc-pr\/index.php?rest_route=\/wp\/v2\/types\/post"}],"author":[{"embeddable":true,"href":"https:\/\/web.inf.ufpr.br\/forppgcc-pr\/index.php?rest_route=\/wp\/v2\/users\/20"}],"replies":[{"embeddable":true,"href":"https:\/\/web.inf.ufpr.br\/forppgcc-pr\/index.php?rest_route=%2Fwp%2Fv2%2Fcomments&post=674"}],"version-history":[{"count":8,"href":"https:\/\/web.inf.ufpr.br\/forppgcc-pr\/index.php?rest_route=\/wp\/v2\/posts\/674\/revisions"}],"predecessor-version":[{"id":717,"href":"https:\/\/web.inf.ufpr.br\/forppgcc-pr\/index.php?rest_route=\/wp\/v2\/posts\/674\/revisions\/717"}],"wp:featuredmedia":[{"embeddable":true,"href":"https:\/\/web.inf.ufpr.br\/forppgcc-pr\/index.php?rest_route=\/wp\/v2\/media\/666"}],"wp:attachment":[{"href":"https:\/\/web.inf.ufpr.br\/forppgcc-pr\/index.php?rest_route=%2Fwp%2Fv2%2Fmedia&parent=674"}],"wp:term":[{"taxonomy":"category","embeddable":true,"href":"https:\/\/web.inf.ufpr.br\/forppgcc-pr\/index.php?rest_route=%2Fwp%2Fv2%2Fcategories&post=674"},{"taxonomy":"post_tag","embeddable":true,"href":"https:\/\/web.inf.ufpr.br\/forppgcc-pr\/index.php?rest_route=%2Fwp%2Fv2%2Ftags&post=674"}],"curies":[{"name":"wp","href":"https:\/\/api.w.org\/{rel}","templated":true}]}}