{"id":657,"date":"2022-10-05T18:41:35","date_gmt":"2022-10-05T21:41:35","guid":{"rendered":"https:\/\/web.inf.ufpr.br\/forppgcc-pr\/?p=657"},"modified":"2022-10-11T10:39:45","modified_gmt":"2022-10-11T13:39:45","slug":"avaliacao-da-aprendizagem-social-online-em-ambientes-informais","status":"publish","type":"post","link":"https:\/\/web.inf.ufpr.br\/forppgcc-pr\/?p=657","title":{"rendered":"Avalia\u00e7\u00e3o da Aprendizagem Social Online em Ambientes Informais"},"content":{"rendered":"\n<p><strong>T\u00edtulo<\/strong>: Avalia\u00e7\u00e3o da Aprendizagem Social&nbsp;<em>Online<\/em>&nbsp;em Ambientes Informais, com o Prof. Dr. Rogerio Ferreira (UFPR \u2013 Jandaia do Sul)<\/p>\n\n\n\n<p><strong>Quando: <\/strong>11 de outubro de 2022, ter\u00e7a-feira, \u00e0s 19:30<\/p>\n\n\n\n<p><strong>Transmiss\u00e3o<\/strong>:&nbsp;<a href=\"https:\/\/youtu.be\/3hcDNnYfyzw\" target=\"_blank\" rel=\"noreferrer noopener\">https:\/\/youtu.be\/3hcDNnYfyzw<\/a><\/p>\n\n\n\n<p><strong>Resumo<\/strong>: Os ambientes informais de aprendizagem, como as redes sociais e comunidades&nbsp;<em>online<\/em>, fazem parte de uma ecologia de contextos tecnol\u00f3gicos em que a aprendizagem ocorre de forma cada vez mais distribu\u00edda e em intera\u00e7\u00e3o din\u00e2mica com diferentes p\u00fablicos. Atualmente, existe um interesse crescente em investigar como a aprendizagem social ocorre em ambientes informais. Por\u00e9m, tal investiga\u00e7\u00e3o \u00e9 um processo complexo que exige uma abordagem anal\u00edtica para compreender as v\u00e1rias dimens\u00f5es do discurso dos participantes e das suas intera\u00e7\u00f5es sociais. A palestra a seguir ir\u00e1 apresentar m\u00e9todos e t\u00e9cnicas aplicadas \u00e0 avalia\u00e7\u00e3o da aprendizagem social&nbsp;<em>online<\/em>&nbsp;em ambientes informais. Neste contexto, entende-se o conceito de avalia\u00e7\u00e3o como a identifica\u00e7\u00e3o, medi\u00e7\u00e3o e an\u00e1lise de um conjunto de condi\u00e7\u00f5es e padr\u00f5es comportamentais fortemente associados \u00e0 aprendizagem social, de acordo com as teorias educacionais.<\/p>\n\n\n\n<p><strong>Bio:&nbsp;<\/strong>Rog\u00e9rio Ferreira da Silva \u00e9 professor adjunto na Universidade Federal do Paran\u00e1, Campus Jandaia do Sul. Ele \u00e9 graduado em Inform\u00e1tica pela Universidade Estadual de Maring\u00e1 (2004), mestre em Ci\u00eancia da Computa\u00e7\u00e3o pela Universidade Estadual de Maring\u00e1 (2012), e doutor em Ci\u00eancia da Computa\u00e7\u00e3o e Matem\u00e1tica Computacional pela Universidade de S\u00e3o Paulo (2021). Sua \u00e1rea de pesquisa est\u00e1 situada em um espa\u00e7o de problemas interdisciplinares que envolvem temas como ci\u00eancia de dados, m\u00e9todos de&nbsp;<em>Social Learning Analytics<\/em>, treinamento de modelos para avalia\u00e7\u00e3o da aprendizagem social&nbsp;<em>online<\/em>, an\u00e1lise de redes sociais, an\u00e1lise de s\u00e9ries temporais e an\u00e1lise do discurso.<\/p>\n","protected":false},"excerpt":{"rendered":"<p>T\u00edtulo: Avalia\u00e7\u00e3o da Aprendizagem Social&nbsp;Online&nbsp;em Ambientes Informais, com o Prof. Dr. Rogerio Ferreira (UFPR \u2013 Jandaia do Sul) Quando: 11<\/p>\n","protected":false},"author":20,"featured_media":653,"comment_status":"closed","ping_status":"open","sticky":false,"template":"","format":"standard","meta":{"colormag_page_container_layout":"default_layout","colormag_page_sidebar_layout":"default_layout","footnotes":""},"categories":[4],"tags":[260,259,261,247,48],"class_list":["post-657","post","type-post","status-publish","format-standard","has-post-thumbnail","hentry","category-seminarios","tag-avaliacao-da-aprendizagem","tag-informatica-na-educacao","tag-jandaia","tag-redes-sociais","tag-ufpr"],"_links":{"self":[{"href":"https:\/\/web.inf.ufpr.br\/forppgcc-pr\/index.php?rest_route=\/wp\/v2\/posts\/657","targetHints":{"allow":["GET"]}}],"collection":[{"href":"https:\/\/web.inf.ufpr.br\/forppgcc-pr\/index.php?rest_route=\/wp\/v2\/posts"}],"about":[{"href":"https:\/\/web.inf.ufpr.br\/forppgcc-pr\/index.php?rest_route=\/wp\/v2\/types\/post"}],"author":[{"embeddable":true,"href":"https:\/\/web.inf.ufpr.br\/forppgcc-pr\/index.php?rest_route=\/wp\/v2\/users\/20"}],"replies":[{"embeddable":true,"href":"https:\/\/web.inf.ufpr.br\/forppgcc-pr\/index.php?rest_route=%2Fwp%2Fv2%2Fcomments&post=657"}],"version-history":[{"count":2,"href":"https:\/\/web.inf.ufpr.br\/forppgcc-pr\/index.php?rest_route=\/wp\/v2\/posts\/657\/revisions"}],"predecessor-version":[{"id":659,"href":"https:\/\/web.inf.ufpr.br\/forppgcc-pr\/index.php?rest_route=\/wp\/v2\/posts\/657\/revisions\/659"}],"wp:featuredmedia":[{"embeddable":true,"href":"https:\/\/web.inf.ufpr.br\/forppgcc-pr\/index.php?rest_route=\/wp\/v2\/media\/653"}],"wp:attachment":[{"href":"https:\/\/web.inf.ufpr.br\/forppgcc-pr\/index.php?rest_route=%2Fwp%2Fv2%2Fmedia&parent=657"}],"wp:term":[{"taxonomy":"category","embeddable":true,"href":"https:\/\/web.inf.ufpr.br\/forppgcc-pr\/index.php?rest_route=%2Fwp%2Fv2%2Fcategories&post=657"},{"taxonomy":"post_tag","embeddable":true,"href":"https:\/\/web.inf.ufpr.br\/forppgcc-pr\/index.php?rest_route=%2Fwp%2Fv2%2Ftags&post=657"}],"curies":[{"name":"wp","href":"https:\/\/api.w.org\/{rel}","templated":true}]}}