{"id":610,"date":"2022-08-17T17:14:36","date_gmt":"2022-08-17T20:14:36","guid":{"rendered":"https:\/\/web.inf.ufpr.br\/forppgcc-pr\/?p=610"},"modified":"2022-08-17T17:14:37","modified_gmt":"2022-08-17T20:14:37","slug":"refatoracao-de-software-baseada-em-padroes-de-projeto-abordagens-e-ferramentas","status":"publish","type":"post","link":"https:\/\/web.inf.ufpr.br\/forppgcc-pr\/?p=610","title":{"rendered":"Refatora\u00e7\u00e3o de software baseada em padr\u00f5es de projeto: abordagens e ferramentas"},"content":{"rendered":"\n<p><strong>Semin\u00e1rio <\/strong>com a Profa. Dra. Simone Nasser Matos (UTFPR-PG): <strong>Refatora\u00e7\u00e3o de software baseada em padr\u00f5es de projeto: abordagens e ferramentas<\/strong><\/p>\n\n\n\n<p>Ter\u00e7a-feira, 23\/08, \u00e0s 19:30<\/p>\n\n\n\n<p><strong>Transmiss\u00e3o<\/strong>: <a href=\"https:\/\/youtu.be\/tpDE79bgjfk\" target=\"_blank\" rel=\"noreferrer noopener\">https:\/\/youtu.be\/tpDE79bgjfk<\/a><\/p>\n\n\n\n<p><strong>Bio<\/strong>: Graduada em Bacharel em Processamento de Dados pela Universidade Estadual de Ponta Grossa (1993), Mestre em Intelig\u00eancia Computacional pela Universidade Federal do Paran\u00e1 (2001) e Doutora em Ci\u00eancias pelo Instituto Tecnol\u00f3gico de Aeron\u00e1utica (2008). Atualmente \u00e9 professora titular da Universidade Tecnol\u00f3gica Federal do Paran\u00e1. Tem experi\u00eancia na \u00e1rea de Ci\u00eancia da Computa\u00e7\u00e3o, com \u00eanfase em Engenharia de Software, atuando principalmente nos seguintes temas: Engenharia de Software, Orienta\u00e7\u00e3o a Objetos, Frameworks de Dom\u00ednio, Refatora\u00e7\u00e3o e Programa\u00e7\u00e3o Orientada a Aspectos. Coordenadora do Programa de Inclus\u00e3o Digital de 2008 \u00e0 2011. Coordenadora do Programa de P\u00f3s-Gradua\u00e7\u00e3o em Ci\u00eancia da Computa\u00e7\u00e3o da UTFPR-Campus PG de 2016 a 2018. Foi bolsista do CNPq de Extens\u00e3o N\u00edvel C de dez\/2010 a dez\/2011. Atua na extens\u00e3o por meio do projeto Letramento Digital e Desenvolvimento de Software Educacional.<\/p>\n","protected":false},"excerpt":{"rendered":"<p>Semin\u00e1rio com a Profa. Dra. Simone Nasser Matos (UTFPR-PG): Refatora\u00e7\u00e3o de software baseada em padr\u00f5es de projeto: abordagens e ferramentas<\/p>\n","protected":false},"author":20,"featured_media":609,"comment_status":"closed","ping_status":"open","sticky":false,"template":"","format":"standard","meta":{"colormag_page_container_layout":"default_layout","colormag_page_sidebar_layout":"default_layout","footnotes":""},"categories":[4],"tags":[222,148,223,221,137,86],"class_list":["post-610","post","type-post","status-publish","format-standard","has-post-thumbnail","hentry","category-seminarios","tag-padroes","tag-ponta-grossa","tag-projetos","tag-refatoracao","tag-software","tag-utfpr"],"_links":{"self":[{"href":"https:\/\/web.inf.ufpr.br\/forppgcc-pr\/index.php?rest_route=\/wp\/v2\/posts\/610","targetHints":{"allow":["GET"]}}],"collection":[{"href":"https:\/\/web.inf.ufpr.br\/forppgcc-pr\/index.php?rest_route=\/wp\/v2\/posts"}],"about":[{"href":"https:\/\/web.inf.ufpr.br\/forppgcc-pr\/index.php?rest_route=\/wp\/v2\/types\/post"}],"author":[{"embeddable":true,"href":"https:\/\/web.inf.ufpr.br\/forppgcc-pr\/index.php?rest_route=\/wp\/v2\/users\/20"}],"replies":[{"embeddable":true,"href":"https:\/\/web.inf.ufpr.br\/forppgcc-pr\/index.php?rest_route=%2Fwp%2Fv2%2Fcomments&post=610"}],"version-history":[{"count":1,"href":"https:\/\/web.inf.ufpr.br\/forppgcc-pr\/index.php?rest_route=\/wp\/v2\/posts\/610\/revisions"}],"predecessor-version":[{"id":611,"href":"https:\/\/web.inf.ufpr.br\/forppgcc-pr\/index.php?rest_route=\/wp\/v2\/posts\/610\/revisions\/611"}],"wp:featuredmedia":[{"embeddable":true,"href":"https:\/\/web.inf.ufpr.br\/forppgcc-pr\/index.php?rest_route=\/wp\/v2\/media\/609"}],"wp:attachment":[{"href":"https:\/\/web.inf.ufpr.br\/forppgcc-pr\/index.php?rest_route=%2Fwp%2Fv2%2Fmedia&parent=610"}],"wp:term":[{"taxonomy":"category","embeddable":true,"href":"https:\/\/web.inf.ufpr.br\/forppgcc-pr\/index.php?rest_route=%2Fwp%2Fv2%2Fcategories&post=610"},{"taxonomy":"post_tag","embeddable":true,"href":"https:\/\/web.inf.ufpr.br\/forppgcc-pr\/index.php?rest_route=%2Fwp%2Fv2%2Ftags&post=610"}],"curies":[{"name":"wp","href":"https:\/\/api.w.org\/{rel}","templated":true}]}}