{"id":592,"date":"2022-07-23T19:58:22","date_gmt":"2022-07-23T22:58:22","guid":{"rendered":"https:\/\/web.inf.ufpr.br\/forppgcc-pr\/?p=592"},"modified":"2022-07-23T19:58:23","modified_gmt":"2022-07-23T22:58:23","slug":"aplicando-gnns-para-apoiar-a-tomada-de-decisao-rapida-em-vanets","status":"publish","type":"post","link":"https:\/\/web.inf.ufpr.br\/forppgcc-pr\/?p=592","title":{"rendered":"Aplicando GNNs para apoiar a tomada de decis\u00e3o r\u00e1pida em VANETS"},"content":{"rendered":"\n<p><strong>Palestra<\/strong>: Aplicando GNNs para apoiar a tomada de decis\u00e3o r\u00e1pida em VANETS, com o Dr. Eduardo Sant\u00b4Ana da Silva, Posdoc UFPR.<br>Ter\u00e7a-feira, 26\/07, \u00e0s 19:30.<\/p>\n\n\n\n<p><strong>Transmiss\u00e3o<\/strong>:&nbsp;<a href=\"https:\/\/youtu.be\/4AIT4pkiBr4\" target=\"_blank\" rel=\"noreferrer noopener\">https:\/\/youtu.be\/4AIT4pkiBr4<\/a><\/p>\n\n\n\n<p><strong>Resumo<\/strong>: A apresenta\u00e7\u00e3o se concentra nos t\u00f3picos ML\/AI, redes neurais com grafos para gerenciamento e Plataformas para anonimizar dados de opera\u00e7\u00e3o com as seguintes novas contribui\u00e7\u00f5es:<br>. Um modelo de aprendizagem de representa\u00e7\u00e3o de rede n\u00e3o supervisionado com preserva\u00e7\u00e3o de estrutura usando Graph Neural Networks;<br>. Resultados experimentais com foco em dois m\u00e9todos de divulga\u00e7\u00e3o de Mensagens de Conscientiza\u00e7\u00e3o Cooperativa: o primeiro baseado em Reconstru\u00e7\u00e3o de Grafos (Complexidade Quadr\u00e1tica) e o segundo baseado apenas em N\u00edvel de Pontua\u00e7\u00e3o de Prioridade (Complexidade Linear).<\/p>\n\n\n\n<p><strong>Bio<\/strong>: Eduardo Sant\u2019Ana da Silva \u00e9 bacharel em Ci\u00eancia da Computa\u00e7\u00e3o pela Universidade Federal do Paran\u00e1, Curitiba, Brasil em 2002, mestre em 2005 e doutor em 2013 pela mesma universidade. Atualmente cursa p\u00f3s-doutorado na UFPR al\u00e9m de atuar como L\u00edder T\u00e9cnico na parte de Engenharia de Dados. Seus interesses de pesquisa s\u00e3o principalmente na \u00e1rea de grafos e intelig\u00eancia artificial aplicada a servi\u00e7os de opera\u00e7\u00e3o de redes, VANETs, Sistemas de Transporte Inteligentes.<\/p>\n","protected":false},"excerpt":{"rendered":"<p>Palestra: Aplicando GNNs para apoiar a tomada de decis\u00e3o r\u00e1pida em VANETS, com o Dr. Eduardo Sant\u00b4Ana da Silva, Posdoc<\/p>\n","protected":false},"author":20,"featured_media":575,"comment_status":"closed","ping_status":"open","sticky":false,"template":"","format":"standard","meta":{"colormag_page_container_layout":"default_layout","colormag_page_sidebar_layout":"default_layout","footnotes":""},"categories":[4],"tags":[205,204,48],"class_list":["post-592","post","type-post","status-publish","format-standard","has-post-thumbnail","hentry","category-seminarios","tag-posdoc","tag-redes","tag-ufpr"],"_links":{"self":[{"href":"https:\/\/web.inf.ufpr.br\/forppgcc-pr\/index.php?rest_route=\/wp\/v2\/posts\/592","targetHints":{"allow":["GET"]}}],"collection":[{"href":"https:\/\/web.inf.ufpr.br\/forppgcc-pr\/index.php?rest_route=\/wp\/v2\/posts"}],"about":[{"href":"https:\/\/web.inf.ufpr.br\/forppgcc-pr\/index.php?rest_route=\/wp\/v2\/types\/post"}],"author":[{"embeddable":true,"href":"https:\/\/web.inf.ufpr.br\/forppgcc-pr\/index.php?rest_route=\/wp\/v2\/users\/20"}],"replies":[{"embeddable":true,"href":"https:\/\/web.inf.ufpr.br\/forppgcc-pr\/index.php?rest_route=%2Fwp%2Fv2%2Fcomments&post=592"}],"version-history":[{"count":1,"href":"https:\/\/web.inf.ufpr.br\/forppgcc-pr\/index.php?rest_route=\/wp\/v2\/posts\/592\/revisions"}],"predecessor-version":[{"id":593,"href":"https:\/\/web.inf.ufpr.br\/forppgcc-pr\/index.php?rest_route=\/wp\/v2\/posts\/592\/revisions\/593"}],"wp:featuredmedia":[{"embeddable":true,"href":"https:\/\/web.inf.ufpr.br\/forppgcc-pr\/index.php?rest_route=\/wp\/v2\/media\/575"}],"wp:attachment":[{"href":"https:\/\/web.inf.ufpr.br\/forppgcc-pr\/index.php?rest_route=%2Fwp%2Fv2%2Fmedia&parent=592"}],"wp:term":[{"taxonomy":"category","embeddable":true,"href":"https:\/\/web.inf.ufpr.br\/forppgcc-pr\/index.php?rest_route=%2Fwp%2Fv2%2Fcategories&post=592"},{"taxonomy":"post_tag","embeddable":true,"href":"https:\/\/web.inf.ufpr.br\/forppgcc-pr\/index.php?rest_route=%2Fwp%2Fv2%2Ftags&post=592"}],"curies":[{"name":"wp","href":"https:\/\/api.w.org\/{rel}","templated":true}]}}