{"id":561,"date":"2022-06-01T20:30:57","date_gmt":"2022-06-01T23:30:57","guid":{"rendered":"https:\/\/web.inf.ufpr.br\/forppgcc-pr\/?p=561"},"modified":"2022-06-01T20:30:57","modified_gmt":"2022-06-01T23:30:57","slug":"reconhecimento-de-padroes-um-relato-de-trabalhos-explorando-a-textura-como-atributo-visual","status":"publish","type":"post","link":"https:\/\/web.inf.ufpr.br\/forppgcc-pr\/?p=561","title":{"rendered":"Reconhecimento de padr\u00f5es: um relato de trabalhos explorando a textura como atributo visual"},"content":{"rendered":"\n<p>Palestra: Reconhecimento de padr\u00f5es: um relato de trabalhos explorando a textura como atributo visual, com o Prof. Dr. Yandre Maldonado e Gomes da Costa (UEM)<br><strong><strong>Ter\u00e7a-feira, 07\/06, \u00e0s 19:30<\/strong><\/strong><br><strong>Transmiss\u00e3o<\/strong>: <a href=\"https:\/\/youtu.be\/F3At9OX5UsQ\" target=\"_blank\" rel=\"noreferrer noopener\">https:\/\/youtu.be\/F3At9OX5UsQ<\/a> (ative o lembrete)<\/p>\n\n\n\n<p><strong>Resumo<\/strong>: Neste semin\u00e1rio, o Prof. Dr. Yandre Costa faz um relato acerca de trabalhos realizados com o seu grupo de pesquisa ao longo dos \u00faltimos 10 anos. O Professor teve o primeiro contato com pesquisa em reconhecimento de padr\u00f5es durante o seu doutorado, trabalhando com a tarefa de reconhecimento de g\u00eaneros musicais. Naquele momento, foi estudada a classifica\u00e7\u00e3o do \u00e1udio utilizando uma imagem gerada a partir do sinal na sua forma original, o espectrograma. Analisando o conte\u00fado do espectrograma, percebeu-se que era poss\u00edvel encontrar padr\u00f5es dispersos ao longo da imagem. Entretanto, esses padr\u00f5es n\u00e3o estavam expressos por meio de cores ou formas bem definidas na imagem. Com isso, passou-se a investigar o uso de descritores de textura, j\u00e1 conhecidos da comunidade de pesquisa em processamento de imagens, para representar o conte\u00fado de espectrogramas. Os resultados obtidos foram bastante satisfat\u00f3rios, e o conhecimento obtido acerca do uso de descritores de textura deu suporte para o desenvolvimento de classificadores para diferentes aplica\u00e7\u00f5es. Em um primeiro momento, o Professor desenvolveu classificadores para aplica\u00e7\u00f5es de classifica\u00e7\u00e3o de \u00e1udio na solu\u00e7\u00e3o de diferentes tarefas, como por exemplo: reconhecimento de esp\u00e9cies de p\u00e1ssaros a partir do canto, detec\u00e7\u00e3o da presen\u00e7a de animais marinhos e identifica\u00e7\u00e3o de cen\u00e1rio ac\u00fastico entre outros. Em um segundo momento, passamos a perceber o grande potencial de aplica\u00e7\u00e3o para descritores de textura em tarefas de reconhecimento de padr\u00f5es envolvendo imagens biom\u00e9dicas. A partir disso, foi identificado um conjunto de tarefas de classifica\u00e7\u00e3o envolvendo o uso de amostras biol\u00f3gicas, algumas j\u00e1 estudadas, outras em estudo pelo grupo de pesquisa, como por exemplo: detec\u00e7\u00e3o da libera\u00e7\u00e3o de dopamina em imagens de voltametria c\u00edclica, identifica\u00e7\u00e3o de COVID-19 em imagens de raio-X, identifica\u00e7\u00e3o de doen\u00e7as cr\u00f4nico-degenerativas a partir de imagens de glia ent\u00e9rica e detec\u00e7\u00e3o de c\u00e2ncer em amostras de tecido do f\u00edgado entre outras.<\/p>\n\n\n\n<p><strong>Short-bio<\/strong>: O Prof. Dr. Yandre Costa possui gradua\u00e7\u00e3o em Ci\u00eancia da Computa\u00e7\u00e3o pela Universidade Estadual de Maring\u00e1 (1996), mestrado em Ci\u00eancia da Computa\u00e7\u00e3o pela Universidade Federal do Rio Grande do Sul (2002), doutorado em Computa\u00e7\u00e3o pela Universidade Federal do Paran\u00e1 e P\u00f3s-doutorado pela Pontif\u00edcia Universidade Cat\u00f3lica do Paran\u00e1 (2020). Atualmente, \u00e9 professor associado no Departamento de Inform\u00e1tica da Universidade Estadual de Maring\u00e1 (UEM). Atua como membro permanente do Programa de P\u00f3s-gradua\u00e7\u00e3o em Ci\u00eancia da Computa\u00e7\u00e3o da UEM desde 2014, desenvolvendo pesquisa em reconhecimento de padr\u00f5es.<\/p>\n","protected":false},"excerpt":{"rendered":"<p>Palestra: Reconhecimento de padr\u00f5es: um relato de trabalhos explorando a textura como atributo visual, com o Prof. Dr. Yandre Maldonado<\/p>\n","protected":false},"author":20,"featured_media":558,"comment_status":"closed","ping_status":"open","sticky":false,"template":"","format":"standard","meta":{"colormag_page_container_layout":"default_layout","colormag_page_sidebar_layout":"default_layout","footnotes":""},"categories":[4],"tags":[163,77,162,164,76,161],"class_list":["post-561","post","type-post","status-publish","format-standard","has-post-thumbnail","hentry","category-seminarios","tag-imagens","tag-maringa","tag-reconhecimento-de-padroes","tag-textura","tag-uem","tag-yandre"],"_links":{"self":[{"href":"https:\/\/web.inf.ufpr.br\/forppgcc-pr\/index.php?rest_route=\/wp\/v2\/posts\/561","targetHints":{"allow":["GET"]}}],"collection":[{"href":"https:\/\/web.inf.ufpr.br\/forppgcc-pr\/index.php?rest_route=\/wp\/v2\/posts"}],"about":[{"href":"https:\/\/web.inf.ufpr.br\/forppgcc-pr\/index.php?rest_route=\/wp\/v2\/types\/post"}],"author":[{"embeddable":true,"href":"https:\/\/web.inf.ufpr.br\/forppgcc-pr\/index.php?rest_route=\/wp\/v2\/users\/20"}],"replies":[{"embeddable":true,"href":"https:\/\/web.inf.ufpr.br\/forppgcc-pr\/index.php?rest_route=%2Fwp%2Fv2%2Fcomments&post=561"}],"version-history":[{"count":1,"href":"https:\/\/web.inf.ufpr.br\/forppgcc-pr\/index.php?rest_route=\/wp\/v2\/posts\/561\/revisions"}],"predecessor-version":[{"id":562,"href":"https:\/\/web.inf.ufpr.br\/forppgcc-pr\/index.php?rest_route=\/wp\/v2\/posts\/561\/revisions\/562"}],"wp:featuredmedia":[{"embeddable":true,"href":"https:\/\/web.inf.ufpr.br\/forppgcc-pr\/index.php?rest_route=\/wp\/v2\/media\/558"}],"wp:attachment":[{"href":"https:\/\/web.inf.ufpr.br\/forppgcc-pr\/index.php?rest_route=%2Fwp%2Fv2%2Fmedia&parent=561"}],"wp:term":[{"taxonomy":"category","embeddable":true,"href":"https:\/\/web.inf.ufpr.br\/forppgcc-pr\/index.php?rest_route=%2Fwp%2Fv2%2Fcategories&post=561"},{"taxonomy":"post_tag","embeddable":true,"href":"https:\/\/web.inf.ufpr.br\/forppgcc-pr\/index.php?rest_route=%2Fwp%2Fv2%2Ftags&post=561"}],"curies":[{"name":"wp","href":"https:\/\/api.w.org\/{rel}","templated":true}]}}