{"id":545,"date":"2022-05-16T17:23:59","date_gmt":"2022-05-16T20:23:59","guid":{"rendered":"https:\/\/web.inf.ufpr.br\/forppgcc-pr\/?p=545"},"modified":"2022-05-16T17:25:09","modified_gmt":"2022-05-16T20:25:09","slug":"evolucao-da-inteligencia-artificial-ate-o-deep-learning","status":"publish","type":"post","link":"https:\/\/web.inf.ufpr.br\/forppgcc-pr\/?p=545","title":{"rendered":"Evolu\u00e7\u00e3o da Intelig\u00eancia Artificial at\u00e9 o Deep Learning"},"content":{"rendered":"\n<p>Na palestra de ter\u00e7a-feira, 17\/05, \u00e0s 19:30, o Prof. David Menotti apresentar\u00e1 uma vis\u00e3o da hist\u00f3ria da Intelig\u00eancia Artificial abordando como as redes neuronais evolu\u00edram, passando por Aprendizado de M\u00e1quinas (Machine Learning) e culminando em Deep Learning, e ent\u00e3o trar\u00e1 ideias e resultados de projetos de pesquisa no campo de Vis\u00e3o Computacional usando Deep Learning.<\/p>\n\n\n\n<p><strong>Bio:&nbsp;<\/strong><a href=\"https:\/\/web.inf.ufpr.br\/menotti\/\" target=\"_blank\" rel=\"noreferrer noopener\">David \u00e9 Professor Associado do Departamento de Inform\u00e1tica (DInf) da Universidade Federal do Paran\u00e1 (UFPR)<\/a>&nbsp;desde julho de 2015. Engenheiro de Computa\u00e7\u00e3o (2000) e Mestre em Inform\u00e1tica Aplicada (2003) pela Pontif\u00edcia Universidade Cat\u00f3lica do Paran\u00e1 (PUCPR). Doutor em Informatique (2008) pela Universit\u00e9 Paris-Est (Fran\u00e7a) e em Ci\u00eancia da Computa\u00e7\u00e3o (2008) pela Universidade Federal de Minas Gerais (UFMG). Atuou como Professor Adjunto do Departamento de Computa\u00e7\u00e3o (DECOM) da Universidade Federal de Ouro Preto (UFOP), de agosto de 2008 at\u00e9 junho de 2015, e tamb\u00e9m como Membro Permanente do Programa de P\u00f3s-Gradua\u00e7\u00e3o em Ci\u00eancia da Computa\u00e7\u00e3o da UFOP, de setembro de 2009 at\u00e9 julho de 2019. Realizou p\u00f3s-doutorado durante seu ano sab\u00e1tico (de junho de 2013 \u00e0 junho de 2014) no Instituto de Computa\u00e7\u00e3o da UNICAMP. Tem experi\u00eancia na \u00e1rea de Ci\u00eancia da Computa\u00e7\u00e3o, com \u00eanfase em Reconhecimento de Padr\u00f5es, Vis\u00e3o Computacional, Processamento de Imagens e Aprendizado de M\u00e1quinas.<\/p>\n\n\n\n<p>Transmiss\u00e3o:\u00a0<a href=\"https:\/\/youtu.be\/mBtYck_sDvs\" target=\"_blank\" rel=\"noreferrer noopener\">https:\/\/youtu.be\/mBtYck_sDvs<\/a><\/p>\n\n\n\n<p>Ative o lembrete e divulgue!<\/p>\n","protected":false},"excerpt":{"rendered":"<p>Na palestra de ter\u00e7a-feira, 17\/05, \u00e0s 19:30, o Prof. David Menotti apresentar\u00e1 uma vis\u00e3o da hist\u00f3ria da Intelig\u00eancia Artificial abordando<\/p>\n","protected":false},"author":20,"featured_media":539,"comment_status":"closed","ping_status":"open","sticky":false,"template":"","format":"standard","meta":{"colormag_page_container_layout":"default_layout","colormag_page_sidebar_layout":"default_layout","footnotes":""},"categories":[4],"tags":[113,134,133,48,135],"class_list":["post-545","post","type-post","status-publish","format-standard","has-post-thumbnail","hentry","category-seminarios","tag-curitiba","tag-ia","tag-menotti","tag-ufpr","tag-visao-computacional"],"_links":{"self":[{"href":"https:\/\/web.inf.ufpr.br\/forppgcc-pr\/index.php?rest_route=\/wp\/v2\/posts\/545","targetHints":{"allow":["GET"]}}],"collection":[{"href":"https:\/\/web.inf.ufpr.br\/forppgcc-pr\/index.php?rest_route=\/wp\/v2\/posts"}],"about":[{"href":"https:\/\/web.inf.ufpr.br\/forppgcc-pr\/index.php?rest_route=\/wp\/v2\/types\/post"}],"author":[{"embeddable":true,"href":"https:\/\/web.inf.ufpr.br\/forppgcc-pr\/index.php?rest_route=\/wp\/v2\/users\/20"}],"replies":[{"embeddable":true,"href":"https:\/\/web.inf.ufpr.br\/forppgcc-pr\/index.php?rest_route=%2Fwp%2Fv2%2Fcomments&post=545"}],"version-history":[{"count":2,"href":"https:\/\/web.inf.ufpr.br\/forppgcc-pr\/index.php?rest_route=\/wp\/v2\/posts\/545\/revisions"}],"predecessor-version":[{"id":547,"href":"https:\/\/web.inf.ufpr.br\/forppgcc-pr\/index.php?rest_route=\/wp\/v2\/posts\/545\/revisions\/547"}],"wp:featuredmedia":[{"embeddable":true,"href":"https:\/\/web.inf.ufpr.br\/forppgcc-pr\/index.php?rest_route=\/wp\/v2\/media\/539"}],"wp:attachment":[{"href":"https:\/\/web.inf.ufpr.br\/forppgcc-pr\/index.php?rest_route=%2Fwp%2Fv2%2Fmedia&parent=545"}],"wp:term":[{"taxonomy":"category","embeddable":true,"href":"https:\/\/web.inf.ufpr.br\/forppgcc-pr\/index.php?rest_route=%2Fwp%2Fv2%2Fcategories&post=545"},{"taxonomy":"post_tag","embeddable":true,"href":"https:\/\/web.inf.ufpr.br\/forppgcc-pr\/index.php?rest_route=%2Fwp%2Fv2%2Ftags&post=545"}],"curies":[{"name":"wp","href":"https:\/\/api.w.org\/{rel}","templated":true}]}}