{"id":495,"date":"2022-03-18T09:47:43","date_gmt":"2022-03-18T12:47:43","guid":{"rendered":"https:\/\/web.inf.ufpr.br\/forppgcc-pr\/?p=495"},"modified":"2022-03-18T09:47:44","modified_gmt":"2022-03-18T12:47:44","slug":"inclusao-em-projetos-de-software-livre","status":"publish","type":"post","link":"https:\/\/web.inf.ufpr.br\/forppgcc-pr\/?p=495","title":{"rendered":"Inclus\u00e3o em projetos de Software Livre"},"content":{"rendered":"\n<p>Na ter\u00e7a-feira, 29\/03, \u00e0s 19:30, o F\u00f3rum trar\u00e1 um semin\u00e1rio com o <strong>Prof. Dr. Igor Steinmacher (UTFPR-CM)<\/strong> sobre inclus\u00e3o em projetos de Software Livre. O semin\u00e1rio ser\u00e1 transmitido de forma aberta via Youtube: <a href=\"https:\/\/youtu.be\/I9YlwtjZ-s4\" target=\"_blank\" rel=\"noreferrer noopener\">https:\/\/youtu.be\/I9YlwtjZ-s4<\/a><\/p>\n\n\n\n<p><strong>Resumo<\/strong>: A Internet, seu desktop, smartphones, seu carro: quase tudo que a alta tecnologia depende do sistemas de software livre atualmente. Comunidades de software livre s\u00e3o mais do que ambientes t\u00e9cnicos, s\u00e3o resultado de um esfor\u00e7o de colabora\u00e7\u00e3o aberta no qual desenvolvedores trabalham juntos para desenvolver produtos de software de alta qualidade. Em tal ambiente, a sustentabilidade e o sucesso a longo prazo geralmente est\u00e3o relacionados a ter um ambiente diversificado e acolhedor. Nesta palestra, falarei sobre inclusividade de novos membros, uso de software livre na educa\u00e7\u00e3o e discutirei a integra\u00e7\u00e3o e a diversidade em comunidades de software livre.<\/p>\n\n\n\n<p><strong>Bio<\/strong>: Igor \u00e9 doutor em Ci\u00eancia da Computa\u00e7\u00e3o pelo Instituto de Matem\u00e1tica e Estat\u00edstica da USP. Atualmente, \u00e9 Pesquisador Produtividade N\u00edvel 2 do CNPq e atua Professor Adjunto da Universidade Tecnol\u00f3gica Federal do Paran\u00e1 (UTFPR). J\u00e1 foi Professor Assistente na Northern Arizona University e pesquisador visitante na University of California, Irvine. \u00c9 autor de mais de 20 artigos em peri\u00f3dicos e 50 artigos em confer\u00eancias importantes, membro do comit\u00ea editorial do &#8220;Journal of Software: Evolution and Practice&#8221; e &#8220;Empirical Software Engineering Journal&#8221;, e j\u00e1 atuou como coordenador e membro de comit\u00ea de programa de diversas confer\u00eancias nacionais e internacionais.<br>As \u00e1reas de interesse de situam-se nas interse\u00e7\u00f5es da Engenharia de Software e de Sistemas Colaborativos (CSCW). Suas pesquisas focam em software livre, aspectos humanos da engenharia de software, engenharia de software emp\u00edrica e minera\u00e7\u00e3o de reposit\u00f3rios de software. Mais especificamente, atualmente tem trabalhos relacionados a diversidade e inclus\u00e3o em projetos de software livre, mapeamento de habilidades para contribui\u00e7\u00e3o em software livre, educa\u00e7\u00e3o em engenharia de software e software livre cient\u00edfico.<\/p>\n\n\n\n<p><\/p>\n","protected":false},"excerpt":{"rendered":"<p>Na ter\u00e7a-feira, 29\/03, \u00e0s 19:30, o F\u00f3rum trar\u00e1 um semin\u00e1rio com o Prof. Dr. Igor Steinmacher (UTFPR-CM) sobre inclus\u00e3o em<\/p>\n","protected":false},"author":20,"featured_media":494,"comment_status":"closed","ping_status":"open","sticky":false,"template":"","format":"standard","meta":{"colormag_page_container_layout":"default_layout","colormag_page_sidebar_layout":"default_layout","footnotes":""},"categories":[4],"tags":[87,85,89,88,86],"class_list":["post-495","post","type-post","status-publish","format-standard","has-post-thumbnail","hentry","category-seminarios","tag-campo-mourao","tag-inclusao","tag-software-livre","tag-steinmacher","tag-utfpr"],"_links":{"self":[{"href":"https:\/\/web.inf.ufpr.br\/forppgcc-pr\/index.php?rest_route=\/wp\/v2\/posts\/495","targetHints":{"allow":["GET"]}}],"collection":[{"href":"https:\/\/web.inf.ufpr.br\/forppgcc-pr\/index.php?rest_route=\/wp\/v2\/posts"}],"about":[{"href":"https:\/\/web.inf.ufpr.br\/forppgcc-pr\/index.php?rest_route=\/wp\/v2\/types\/post"}],"author":[{"embeddable":true,"href":"https:\/\/web.inf.ufpr.br\/forppgcc-pr\/index.php?rest_route=\/wp\/v2\/users\/20"}],"replies":[{"embeddable":true,"href":"https:\/\/web.inf.ufpr.br\/forppgcc-pr\/index.php?rest_route=%2Fwp%2Fv2%2Fcomments&post=495"}],"version-history":[{"count":1,"href":"https:\/\/web.inf.ufpr.br\/forppgcc-pr\/index.php?rest_route=\/wp\/v2\/posts\/495\/revisions"}],"predecessor-version":[{"id":496,"href":"https:\/\/web.inf.ufpr.br\/forppgcc-pr\/index.php?rest_route=\/wp\/v2\/posts\/495\/revisions\/496"}],"wp:featuredmedia":[{"embeddable":true,"href":"https:\/\/web.inf.ufpr.br\/forppgcc-pr\/index.php?rest_route=\/wp\/v2\/media\/494"}],"wp:attachment":[{"href":"https:\/\/web.inf.ufpr.br\/forppgcc-pr\/index.php?rest_route=%2Fwp%2Fv2%2Fmedia&parent=495"}],"wp:term":[{"taxonomy":"category","embeddable":true,"href":"https:\/\/web.inf.ufpr.br\/forppgcc-pr\/index.php?rest_route=%2Fwp%2Fv2%2Fcategories&post=495"},{"taxonomy":"post_tag","embeddable":true,"href":"https:\/\/web.inf.ufpr.br\/forppgcc-pr\/index.php?rest_route=%2Fwp%2Fv2%2Ftags&post=495"}],"curies":[{"name":"wp","href":"https:\/\/api.w.org\/{rel}","templated":true}]}}