{"id":482,"date":"2022-03-09T13:12:39","date_gmt":"2022-03-09T16:12:39","guid":{"rendered":"https:\/\/web.inf.ufpr.br\/forppgcc-pr\/?p=482"},"modified":"2022-03-09T13:12:40","modified_gmt":"2022-03-09T16:12:40","slug":"aplicacoes-adaptaveis-em-arquiteturas-paralelas","status":"publish","type":"post","link":"https:\/\/web.inf.ufpr.br\/forppgcc-pr\/?p=482","title":{"rendered":"Aplica\u00e7\u00f5es adapt\u00e1veis em arquiteturas paralelas"},"content":{"rendered":"\n<p>A evolu\u00e7\u00e3o das arquiteturas paralelas aponta para ambientes din\u00e2micos onde o n\u00famero de recursos ou configura\u00e7\u00f5es dispon\u00edveis podem variar durante a execu\u00e7\u00e3o das aplica\u00e7\u00f5es. Isso pode ser facilmente observado em grids e clouds, mas tamb\u00e9m pode ser explorado em clusters e arquiteturas de multiprocessadores. Ao longo de mais de duas d\u00e9cadas, diversas iniciativas de pesquisa exploraram essa caracter\u00edstica por meio de aplica\u00e7\u00f5es paralelas, possibilitando o desenvolvimento de aplica\u00e7\u00f5es adaptativas que podem reconfigurar tanto o n\u00famero de processos\/threads quanto sua aloca\u00e7\u00e3o aos processadores para lidar com cargas de trabalho variadas e com mudan\u00e7as na disponibilidade de recursos no sistema. Nesse contexto, o objetivo desta palestra \u00e9 apresentar o estado da arte em adaptabilidade do ponto de vista de recursos e aplical\u00e7ies, desde arquiteturas de mem\u00f3ria compartilhada, clusters e grids, at\u00e9 recursos virtualizados em computa\u00e7\u00e3o na nuvem.<\/p>\n\n\n\n<p><strong>Bio<\/strong>:\u00a0<a href=\"https:\/\/sites.google.com\/site\/guigalante\/\" target=\"_blank\" rel=\"noreferrer noopener\">Guilherme \u00e9 Professor do curso de Ci\u00eancia da Computa\u00e7\u00e3o da Universidade Estadual do Oeste do Paran\u00e1<\/a>\u00a0desde 2006 e do Programa de P\u00f3s-Gradua\u00e7\u00e3o em Computa\u00e7\u00e3o (PPGComp) desde 2019. Coordenador do Curso de Gradua\u00e7\u00e3o em Ci\u00eancia da Computa\u00e7\u00e3o desde 2017. Forma\u00e7\u00e3o: Bacharel em Inform\u00e1tica pela Universidade Estadual do Oeste do Paran\u00e1 (2003), Mestre pela Universidade Federal do Rio Grande do Sul (2006) e Doutor pela Universidade Federal do Paran\u00e1 (2014). As \u00e1reas de atua\u00e7\u00e3o s\u00e3o: Sistemas Computacionais e Computa\u00e7\u00e3o Aplicada.<\/p>\n\n\n\n<p>Transmiss\u00e3o aberta pelo YouTube. <br>Acesse e ative o lembrete:\u00a0<a href=\"https:\/\/www.youtube.com\/watch?v=kg9zXdR_0g0\" target=\"_blank\" rel=\"noreferrer noopener\">https:\/\/www.youtube.com\/watch?v=kg9zXdR_0g0<\/a><\/p>\n","protected":false},"excerpt":{"rendered":"<p>A evolu\u00e7\u00e3o das arquiteturas paralelas aponta para ambientes din\u00e2micos onde o n\u00famero de recursos ou configura\u00e7\u00f5es dispon\u00edveis podem variar durante<\/p>\n","protected":false},"author":20,"featured_media":467,"comment_status":"closed","ping_status":"open","sticky":false,"template":"","format":"standard","meta":{"colormag_page_container_layout":"default_layout","colormag_page_sidebar_layout":"default_layout","footnotes":""},"categories":[4],"tags":[74,46,72,21],"class_list":["post-482","post","type-post","status-publish","format-standard","has-post-thumbnail","hentry","category-seminarios","tag-arquitetura","tag-cascavel","tag-galante","tag-unioeste"],"_links":{"self":[{"href":"https:\/\/web.inf.ufpr.br\/forppgcc-pr\/index.php?rest_route=\/wp\/v2\/posts\/482","targetHints":{"allow":["GET"]}}],"collection":[{"href":"https:\/\/web.inf.ufpr.br\/forppgcc-pr\/index.php?rest_route=\/wp\/v2\/posts"}],"about":[{"href":"https:\/\/web.inf.ufpr.br\/forppgcc-pr\/index.php?rest_route=\/wp\/v2\/types\/post"}],"author":[{"embeddable":true,"href":"https:\/\/web.inf.ufpr.br\/forppgcc-pr\/index.php?rest_route=\/wp\/v2\/users\/20"}],"replies":[{"embeddable":true,"href":"https:\/\/web.inf.ufpr.br\/forppgcc-pr\/index.php?rest_route=%2Fwp%2Fv2%2Fcomments&post=482"}],"version-history":[{"count":1,"href":"https:\/\/web.inf.ufpr.br\/forppgcc-pr\/index.php?rest_route=\/wp\/v2\/posts\/482\/revisions"}],"predecessor-version":[{"id":483,"href":"https:\/\/web.inf.ufpr.br\/forppgcc-pr\/index.php?rest_route=\/wp\/v2\/posts\/482\/revisions\/483"}],"wp:featuredmedia":[{"embeddable":true,"href":"https:\/\/web.inf.ufpr.br\/forppgcc-pr\/index.php?rest_route=\/wp\/v2\/media\/467"}],"wp:attachment":[{"href":"https:\/\/web.inf.ufpr.br\/forppgcc-pr\/index.php?rest_route=%2Fwp%2Fv2%2Fmedia&parent=482"}],"wp:term":[{"taxonomy":"category","embeddable":true,"href":"https:\/\/web.inf.ufpr.br\/forppgcc-pr\/index.php?rest_route=%2Fwp%2Fv2%2Fcategories&post=482"},{"taxonomy":"post_tag","embeddable":true,"href":"https:\/\/web.inf.ufpr.br\/forppgcc-pr\/index.php?rest_route=%2Fwp%2Fv2%2Ftags&post=482"}],"curies":[{"name":"wp","href":"https:\/\/api.w.org\/{rel}","templated":true}]}}