{"id":356,"date":"2022-02-09T10:26:15","date_gmt":"2022-02-09T13:26:15","guid":{"rendered":"https:\/\/web.inf.ufpr.br\/forppgcc-pr\/?p=356"},"modified":"2022-02-15T10:31:39","modified_gmt":"2022-02-15T13:31:39","slug":"seminarios-integrados-22-02-22","status":"publish","type":"post","link":"https:\/\/web.inf.ufpr.br\/forppgcc-pr\/?p=356","title":{"rendered":"Semin\u00e1rios integrados: 22\/02\/22"},"content":{"rendered":"\n<p>Na pr\u00f3xima ter\u00e7a-feira, 22\/02\/22, 19:30, a s\u00e9rie de semin\u00e1rios integrados do f\u00f3rum volta a ocorrer!<\/p>\n\n\n\n<p>Os canais e a agenda ser\u00e3o divulgados aqui na p\u00e1gina do f\u00f3rum.<\/p>\n\n\n\n<p>Os semin\u00e1rios ocorrer\u00e3o \u00e0s ter\u00e7as-feiras, \u00e0s 19:30, e ser\u00e1 transmitidos <a href=\"https:\/\/www.youtube.com\/channel\/UCDbzZ9YQgF77C1RI_pNx0jQ\" target=\"_blank\" rel=\"noreferrer noopener\" title=\"no canal do f\u00f3rum do Youtube\">no canal do f\u00f3rum do YouTube<\/a>. Siga o canal e acompanhe os semin\u00e1rios regularmente!<\/p>\n\n\n\n<p>At\u00e9 l\u00e1!<\/p>\n\n\n\n<p><\/p>\n","protected":false},"excerpt":{"rendered":"<p>Na pr\u00f3xima ter\u00e7a-feira, 22\/02\/22, 19:30, a s\u00e9rie de semin\u00e1rios integrados do f\u00f3rum volta a ocorrer! Os canais e a agenda<\/p>\n","protected":false},"author":20,"featured_media":358,"comment_status":"closed","ping_status":"open","sticky":false,"template":"","format":"standard","meta":{"colormag_page_container_layout":"default_layout","colormag_page_sidebar_layout":"default_layout","footnotes":""},"categories":[4],"tags":[],"class_list":["post-356","post","type-post","status-publish","format-standard","has-post-thumbnail","hentry","category-seminarios"],"_links":{"self":[{"href":"https:\/\/web.inf.ufpr.br\/forppgcc-pr\/index.php?rest_route=\/wp\/v2\/posts\/356","targetHints":{"allow":["GET"]}}],"collection":[{"href":"https:\/\/web.inf.ufpr.br\/forppgcc-pr\/index.php?rest_route=\/wp\/v2\/posts"}],"about":[{"href":"https:\/\/web.inf.ufpr.br\/forppgcc-pr\/index.php?rest_route=\/wp\/v2\/types\/post"}],"author":[{"embeddable":true,"href":"https:\/\/web.inf.ufpr.br\/forppgcc-pr\/index.php?rest_route=\/wp\/v2\/users\/20"}],"replies":[{"embeddable":true,"href":"https:\/\/web.inf.ufpr.br\/forppgcc-pr\/index.php?rest_route=%2Fwp%2Fv2%2Fcomments&post=356"}],"version-history":[{"count":2,"href":"https:\/\/web.inf.ufpr.br\/forppgcc-pr\/index.php?rest_route=\/wp\/v2\/posts\/356\/revisions"}],"predecessor-version":[{"id":375,"href":"https:\/\/web.inf.ufpr.br\/forppgcc-pr\/index.php?rest_route=\/wp\/v2\/posts\/356\/revisions\/375"}],"wp:featuredmedia":[{"embeddable":true,"href":"https:\/\/web.inf.ufpr.br\/forppgcc-pr\/index.php?rest_route=\/wp\/v2\/media\/358"}],"wp:attachment":[{"href":"https:\/\/web.inf.ufpr.br\/forppgcc-pr\/index.php?rest_route=%2Fwp%2Fv2%2Fmedia&parent=356"}],"wp:term":[{"taxonomy":"category","embeddable":true,"href":"https:\/\/web.inf.ufpr.br\/forppgcc-pr\/index.php?rest_route=%2Fwp%2Fv2%2Fcategories&post=356"},{"taxonomy":"post_tag","embeddable":true,"href":"https:\/\/web.inf.ufpr.br\/forppgcc-pr\/index.php?rest_route=%2Fwp%2Fv2%2Ftags&post=356"}],"curies":[{"name":"wp","href":"https:\/\/api.w.org\/{rel}","templated":true}]}}