{"id":2493,"date":"2025-05-20T22:36:29","date_gmt":"2025-05-21T01:36:29","guid":{"rendered":"https:\/\/web.inf.ufpr.br\/dinf\/?p=2493"},"modified":"2025-05-20T22:36:32","modified_gmt":"2025-05-21T01:36:32","slug":"com-23-alunos-ufpr-e-unioeste-iniciam-doutorado-interinstitucional-em-computacao","status":"publish","type":"post","link":"https:\/\/web.inf.ufpr.br\/dinf\/?p=2493","title":{"rendered":"Com 23 alunos, UFPR e Unioeste iniciam Doutorado Interinstitucional em Computa\u00e7\u00e3o"},"content":{"rendered":"\n<p><em>Parceria in\u00e9dita entre as institui\u00e7\u00f5es fortalece a p\u00f3s-gradua\u00e7\u00e3o em Computa\u00e7\u00e3o no Paran\u00e1; F\u00f3rum desempenhou papel central na constru\u00e7\u00e3o da iniciativa<\/em>.<\/p>\n\n\n\n<figure class=\"wp-block-image size-full\"><img fetchpriority=\"high\" decoding=\"async\" width=\"573\" height=\"515\" src=\"https:\/\/web.inf.ufpr.br\/dinf\/wp-content\/uploads\/sites\/2\/2025\/05\/aula_inaugural_dinter_computacao_ufpr_unioeste.jpg\" alt=\"\" class=\"wp-image-2496\" srcset=\"https:\/\/web.inf.ufpr.br\/dinf\/wp-content\/uploads\/sites\/2\/2025\/05\/aula_inaugural_dinter_computacao_ufpr_unioeste.jpg 573w, https:\/\/web.inf.ufpr.br\/dinf\/wp-content\/uploads\/sites\/2\/2025\/05\/aula_inaugural_dinter_computacao_ufpr_unioeste-300x270.jpg 300w\" sizes=\"(max-width: 573px) 100vw, 573px\" \/><\/figure>\n\n\n\n<p><strong>No dia 28 de mar\u00e7o de 2025, a primeira turma do Doutorado Interinstitucional (Dinter) em Ci\u00eancia da Computa\u00e7\u00e3o, resultado de uma parceria in\u00e9dita entre a Universidade Federal do Paran\u00e1 (UFPR) e a Universidade Estadual do Oeste do Paran\u00e1 (Unioeste), teve sua aula inaugura<\/strong>l. Com 23 estudantes matriculados, as aulas s\u00e3o ministradas em Cascavel, \u00e0s sextas e s\u00e1bados, com previs\u00e3o de atividades presenciais tamb\u00e9m nos laborat\u00f3rios da UFPR em Curitiba.<br><br>A aula inaugural contou com a presen\u00e7a de docentes das duas institui\u00e7\u00f5es, entre eles<strong> Roberto Pereira e Vinicius Fulber-Garcia, coordenador e vice-coordenador do Programa de P\u00f3s-Gradua\u00e7\u00e3o em Inform\u00e1tica (PPGInf-UFPR)<\/strong> al\u00e9m de Marcio <strong>Oyamada e Luiz Antonio Rodrigues, coordenador e respons\u00e1vel local pelo Dinter na Unioeste, e M\u00f4nica Sarolli, coordenadora do Centro de Ci\u00eancias Exatas e Tecnol\u00f3gicas (CCET) da Unioeste<\/strong>.<br><br>O Dinter \u00e9 uma oportunidade \u00fanica para a forma\u00e7\u00e3o de quadros t\u00e9cnicos no Oeste do Paran\u00e1. A proposta foi constru\u00edda de forma colaborativa, com apoio decisivo do F\u00f3rum Permanente de Articula\u00e7\u00e3o entre os Programas de P\u00f3s-Gradua\u00e7\u00e3o em Computa\u00e7\u00e3o do Paran\u00e1. A iniciativa visa fortalecer o Programa de P\u00f3s-Gradua\u00e7\u00e3o em Computa\u00e7\u00e3o (PPGComp) da Unioeste, criado h\u00e1 cinco anos e \u00fanico na regi\u00e3o, que j\u00e1 formou 30 mestres desde 2019.<\/p>\n\n\n\n<h2 class=\"wp-block-heading\">\u201cDiferente do tradicional\u201d: Dinter UFPR-Unioeste inova no formato<\/h2>\n\n\n\n<p>Para Luiz Antonio Rodrigues, da Unioeste, \u00e9 importante destacar a originalidade do doutorado interinstitucional oferecido pelas duas universidades. \u201cEle \u00e9 diferente do tradicional, porque <strong>al\u00e9m de possibilitar a forma\u00e7\u00e3o em n\u00edvel de doutorado para quem est\u00e1 no Sudoeste e Oeste do Paran\u00e1<\/strong>, e que n\u00e3o poderia se mudar para um grande centro, como Curitiba [para cursar a p\u00f3s-gradua\u00e7\u00e3o], ele tamb\u00e9m <strong>visa fortalecer as parcerias entre os programas de p\u00f3s-gradua\u00e7\u00e3o da Unioeste e da UFPR<\/strong>\u201d, elogiou o pesquisador.<br><br>Concordando com Rodrigues, <strong>para Roberto Pereira, coordenador do PPGInf-UFPR, o projeto reflete a cultura colaborativa e exemplifica o \u00eaxito dos trabalhos desenvolvidos no \u00e2mbito do F\u00f3rum Paranaense de P\u00f3s-gradua\u00e7\u00e3o em Computa\u00e7\u00e3o<\/strong>. \u201cTrata-se de uma colabora\u00e7\u00e3o efetiva para ampliar as oportunidades de forma\u00e7\u00e3o de alto n\u00edvel no interior, fortalecendo a rede de pesquisa em computa\u00e7\u00e3o no estado\u201d, comemorou. No Dinter, <strong>os alunos tem um orientador na UFPR e um coorientador na Unioeste<\/strong>, o que, na opini\u00e3o de ambos, vai estabelecer novos v\u00ednculos e fortalecer os grupos de pesquisa.<\/p>\n","protected":false},"excerpt":{"rendered":"<p>Parceria in\u00e9dita entre as institui\u00e7\u00f5es fortalece a p\u00f3s-gradua\u00e7\u00e3o em Computa\u00e7\u00e3o no Paran\u00e1; F\u00f3rum desempenhou papel central na constru\u00e7\u00e3o da iniciativa. No dia 28 de mar\u00e7o de 2025, a primeira turma do Doutorado Interinstitucional (Dinter) em Ci\u00eancia da Computa\u00e7\u00e3o, resultado de uma parceria in\u00e9dita entre a Universidade Federal do Paran\u00e1 (UFPR) e a Universidade Estadual do&hellip;<\/p>\n","protected":false},"author":101,"featured_media":0,"comment_status":"closed","ping_status":"closed","sticky":false,"template":"","format":"standard","meta":{"footnotes":""},"categories":[1],"tags":[78,16,21],"class_list":["post-2493","post","type-post","status-publish","format-standard","hentry","category-sem-categoria","tag-dinter","tag-ppginf","tag-unioeste"],"_links":{"self":[{"href":"https:\/\/web.inf.ufpr.br\/dinf\/index.php?rest_route=\/wp\/v2\/posts\/2493","targetHints":{"allow":["GET"]}}],"collection":[{"href":"https:\/\/web.inf.ufpr.br\/dinf\/index.php?rest_route=\/wp\/v2\/posts"}],"about":[{"href":"https:\/\/web.inf.ufpr.br\/dinf\/index.php?rest_route=\/wp\/v2\/types\/post"}],"author":[{"embeddable":true,"href":"https:\/\/web.inf.ufpr.br\/dinf\/index.php?rest_route=\/wp\/v2\/users\/101"}],"replies":[{"embeddable":true,"href":"https:\/\/web.inf.ufpr.br\/dinf\/index.php?rest_route=%2Fwp%2Fv2%2Fcomments&post=2493"}],"version-history":[{"count":2,"href":"https:\/\/web.inf.ufpr.br\/dinf\/index.php?rest_route=\/wp\/v2\/posts\/2493\/revisions"}],"predecessor-version":[{"id":2497,"href":"https:\/\/web.inf.ufpr.br\/dinf\/index.php?rest_route=\/wp\/v2\/posts\/2493\/revisions\/2497"}],"wp:attachment":[{"href":"https:\/\/web.inf.ufpr.br\/dinf\/index.php?rest_route=%2Fwp%2Fv2%2Fmedia&parent=2493"}],"wp:term":[{"taxonomy":"category","embeddable":true,"href":"https:\/\/web.inf.ufpr.br\/dinf\/index.php?rest_route=%2Fwp%2Fv2%2Fcategories&post=2493"},{"taxonomy":"post_tag","embeddable":true,"href":"https:\/\/web.inf.ufpr.br\/dinf\/index.php?rest_route=%2Fwp%2Fv2%2Ftags&post=2493"}],"curies":[{"name":"wp","href":"https:\/\/api.w.org\/{rel}","templated":true}]}}