{"id":2132,"date":"2024-09-03T14:25:12","date_gmt":"2024-09-03T17:25:12","guid":{"rendered":"https:\/\/web.inf.ufpr.br\/dinf\/?p=2132"},"modified":"2024-09-03T14:25:14","modified_gmt":"2024-09-03T17:25:14","slug":"equipe-da-ufpr-se-classifica-para-final-da-maratona-de-computacao","status":"publish","type":"post","link":"https:\/\/web.inf.ufpr.br\/dinf\/?p=2132","title":{"rendered":"Equipe da UFPR se classifica para final da Maratona de Computa\u00e7\u00e3o"},"content":{"rendered":"\n<p class=\"has-medium-font-size\"><em>Etapa nacional do evento organizado pela SBC ser\u00e1 entre os dias 8 e 10 de novembro em Jo\u00e3o Pessoa<\/em><\/p>\n\n\n\n<figure class=\"wp-block-image size-large\"><img fetchpriority=\"high\" decoding=\"async\" width=\"1024\" height=\"679\" src=\"https:\/\/web.inf.ufpr.br\/dinf\/wp-content\/uploads\/sites\/2\/2024\/09\/IMG_20240831_203630-1024x679.jpg\" alt=\"\" class=\"wp-image-2133\" srcset=\"https:\/\/web.inf.ufpr.br\/dinf\/wp-content\/uploads\/sites\/2\/2024\/09\/IMG_20240831_203630-1024x679.jpg 1024w, https:\/\/web.inf.ufpr.br\/dinf\/wp-content\/uploads\/sites\/2\/2024\/09\/IMG_20240831_203630-300x199.jpg 300w, https:\/\/web.inf.ufpr.br\/dinf\/wp-content\/uploads\/sites\/2\/2024\/09\/IMG_20240831_203630-768x509.jpg 768w, https:\/\/web.inf.ufpr.br\/dinf\/wp-content\/uploads\/sites\/2\/2024\/09\/IMG_20240831_203630-1536x1018.jpg 1536w, https:\/\/web.inf.ufpr.br\/dinf\/wp-content\/uploads\/sites\/2\/2024\/09\/IMG_20240831_203630-2048x1357.jpg 2048w\" sizes=\"(max-width: 1024px) 100vw, 1024px\" \/><\/figure>\n\n\n\n<p>A equipe \u201c<strong>\/* very well-informed guess *\/<\/strong>\u201d, composta pelos alunos do Departamento de Inform\u00e1tica (Dinf) da Universidade Federal do Paran\u00e1 (UFPR), Pedro Vinicius de Sousa da Silva, Raul Gomes Pimentel de Almeida e Thiago Jos\u00e9 Theobaldo Trannin, vai participar da final da Maratona de Programa\u00e7\u00e3o, evento da Sociedade Brasileira de Computa\u00e7\u00e3o (SBC). A etapa nacional ser\u00e1 entre os dias 8 e 10 de novembro, em Jo\u00e3o Pessoa.<\/p>\n\n\n\n<p>A classifica\u00e7\u00e3o ocorreu ap\u00f3s a disputa na primeira fase neste \u00faltimo s\u00e1bado (31) na Udesc, em Joinville, uma das 48 sedes da maratona. A UFPR foi representada por 14 dos 880 times que disputaram nas fases regionais no pa\u00eds. Esta etapa tamb\u00e9m contou com participa\u00e7\u00e3o internacional, sendo realizada simultaneamente na Bol\u00edvia (292 times), M\u00e9xico (541 times) e na Am\u00e9rica Central (80 times).<\/p>\n\n\n\n<figure class=\"wp-block-gallery has-nested-images columns-default is-cropped wp-block-gallery-1 is-layout-flex wp-block-gallery-is-layout-flex\">\n<figure class=\"wp-block-image size-large\"><img decoding=\"async\" width=\"1024\" height=\"768\" data-id=\"2134\" src=\"https:\/\/web.inf.ufpr.br\/dinf\/wp-content\/uploads\/sites\/2\/2024\/09\/informedguess-1024x768.jpg\" alt=\"\" class=\"wp-image-2134\" srcset=\"https:\/\/web.inf.ufpr.br\/dinf\/wp-content\/uploads\/sites\/2\/2024\/09\/informedguess-1024x768.jpg 1024w, https:\/\/web.inf.ufpr.br\/dinf\/wp-content\/uploads\/sites\/2\/2024\/09\/informedguess-300x225.jpg 300w, https:\/\/web.inf.ufpr.br\/dinf\/wp-content\/uploads\/sites\/2\/2024\/09\/informedguess-768x576.jpg 768w, https:\/\/web.inf.ufpr.br\/dinf\/wp-content\/uploads\/sites\/2\/2024\/09\/informedguess-1536x1152.jpg 1536w, https:\/\/web.inf.ufpr.br\/dinf\/wp-content\/uploads\/sites\/2\/2024\/09\/informedguess.jpg 1920w\" sizes=\"(max-width: 1024px) 100vw, 1024px\" \/><\/figure>\n\n\n\n<figure class=\"wp-block-image size-large\"><img decoding=\"async\" width=\"1024\" height=\"768\" data-id=\"2135\" src=\"https:\/\/web.inf.ufpr.br\/dinf\/wp-content\/uploads\/sites\/2\/2024\/09\/programacaocasual-1024x768.jpg\" alt=\"\" class=\"wp-image-2135\" srcset=\"https:\/\/web.inf.ufpr.br\/dinf\/wp-content\/uploads\/sites\/2\/2024\/09\/programacaocasual-1024x768.jpg 1024w, https:\/\/web.inf.ufpr.br\/dinf\/wp-content\/uploads\/sites\/2\/2024\/09\/programacaocasual-300x225.jpg 300w, https:\/\/web.inf.ufpr.br\/dinf\/wp-content\/uploads\/sites\/2\/2024\/09\/programacaocasual-768x576.jpg 768w, https:\/\/web.inf.ufpr.br\/dinf\/wp-content\/uploads\/sites\/2\/2024\/09\/programacaocasual-1536x1152.jpg 1536w, https:\/\/web.inf.ufpr.br\/dinf\/wp-content\/uploads\/sites\/2\/2024\/09\/programacaocasual.jpg 1920w\" sizes=\"(max-width: 1024px) 100vw, 1024px\" \/><\/figure>\n\n\n\n<figure class=\"wp-block-image size-large\"><img loading=\"lazy\" decoding=\"async\" width=\"1024\" height=\"450\" data-id=\"2136\" src=\"https:\/\/web.inf.ufpr.br\/dinf\/wp-content\/uploads\/sites\/2\/2024\/09\/tremboys-1024x450.jpg\" alt=\"\" class=\"wp-image-2136\" srcset=\"https:\/\/web.inf.ufpr.br\/dinf\/wp-content\/uploads\/sites\/2\/2024\/09\/tremboys-1024x450.jpg 1024w, https:\/\/web.inf.ufpr.br\/dinf\/wp-content\/uploads\/sites\/2\/2024\/09\/tremboys-300x132.jpg 300w, https:\/\/web.inf.ufpr.br\/dinf\/wp-content\/uploads\/sites\/2\/2024\/09\/tremboys-768x337.jpg 768w, https:\/\/web.inf.ufpr.br\/dinf\/wp-content\/uploads\/sites\/2\/2024\/09\/tremboys-1536x674.jpg 1536w, https:\/\/web.inf.ufpr.br\/dinf\/wp-content\/uploads\/sites\/2\/2024\/09\/tremboys.jpg 1920w\" sizes=\"(max-width: 1024px) 100vw, 1024px\" \/><\/figure>\n\n\n\n<figure class=\"wp-block-image size-large\"><img loading=\"lazy\" decoding=\"async\" width=\"1024\" height=\"768\" data-id=\"2138\" src=\"https:\/\/web.inf.ufpr.br\/dinf\/wp-content\/uploads\/sites\/2\/2024\/09\/circuito-1024x768.jpg\" alt=\"\" class=\"wp-image-2138\" srcset=\"https:\/\/web.inf.ufpr.br\/dinf\/wp-content\/uploads\/sites\/2\/2024\/09\/circuito-1024x768.jpg 1024w, https:\/\/web.inf.ufpr.br\/dinf\/wp-content\/uploads\/sites\/2\/2024\/09\/circuito-300x225.jpg 300w, https:\/\/web.inf.ufpr.br\/dinf\/wp-content\/uploads\/sites\/2\/2024\/09\/circuito-768x576.jpg 768w, https:\/\/web.inf.ufpr.br\/dinf\/wp-content\/uploads\/sites\/2\/2024\/09\/circuito-1536x1152.jpg 1536w, https:\/\/web.inf.ufpr.br\/dinf\/wp-content\/uploads\/sites\/2\/2024\/09\/circuito.jpg 1920w\" sizes=\"(max-width: 1024px) 100vw, 1024px\" \/><\/figure>\n\n\n\n<figure class=\"wp-block-image size-large\"><img loading=\"lazy\" decoding=\"async\" width=\"1024\" height=\"450\" data-id=\"2137\" src=\"https:\/\/web.inf.ufpr.br\/dinf\/wp-content\/uploads\/sites\/2\/2024\/09\/faultcriatividade-1024x450.jpg\" alt=\"\" class=\"wp-image-2137\" srcset=\"https:\/\/web.inf.ufpr.br\/dinf\/wp-content\/uploads\/sites\/2\/2024\/09\/faultcriatividade-1024x450.jpg 1024w, https:\/\/web.inf.ufpr.br\/dinf\/wp-content\/uploads\/sites\/2\/2024\/09\/faultcriatividade-300x132.jpg 300w, https:\/\/web.inf.ufpr.br\/dinf\/wp-content\/uploads\/sites\/2\/2024\/09\/faultcriatividade-768x337.jpg 768w, https:\/\/web.inf.ufpr.br\/dinf\/wp-content\/uploads\/sites\/2\/2024\/09\/faultcriatividade-1536x674.jpg 1536w, https:\/\/web.inf.ufpr.br\/dinf\/wp-content\/uploads\/sites\/2\/2024\/09\/faultcriatividade.jpg 1920w\" sizes=\"(max-width: 1024px) 100vw, 1024px\" \/><\/figure>\n\n\n\n<figure class=\"wp-block-image size-large\"><img loading=\"lazy\" decoding=\"async\" width=\"1024\" height=\"768\" data-id=\"2139\" src=\"https:\/\/web.inf.ufpr.br\/dinf\/wp-content\/uploads\/sites\/2\/2024\/09\/davis-1024x768.jpg\" alt=\"\" class=\"wp-image-2139\" srcset=\"https:\/\/web.inf.ufpr.br\/dinf\/wp-content\/uploads\/sites\/2\/2024\/09\/davis-1024x768.jpg 1024w, https:\/\/web.inf.ufpr.br\/dinf\/wp-content\/uploads\/sites\/2\/2024\/09\/davis-300x225.jpg 300w, https:\/\/web.inf.ufpr.br\/dinf\/wp-content\/uploads\/sites\/2\/2024\/09\/davis-768x576.jpg 768w, https:\/\/web.inf.ufpr.br\/dinf\/wp-content\/uploads\/sites\/2\/2024\/09\/davis-1536x1152.jpg 1536w, https:\/\/web.inf.ufpr.br\/dinf\/wp-content\/uploads\/sites\/2\/2024\/09\/davis.jpg 1920w\" sizes=\"(max-width: 1024px) 100vw, 1024px\" \/><\/figure>\n\n\n\n<figure class=\"wp-block-image size-large\"><img loading=\"lazy\" decoding=\"async\" width=\"1024\" height=\"768\" data-id=\"2140\" src=\"https:\/\/web.inf.ufpr.br\/dinf\/wp-content\/uploads\/sites\/2\/2024\/09\/dipolo-1024x768.jpg\" alt=\"\" class=\"wp-image-2140\" srcset=\"https:\/\/web.inf.ufpr.br\/dinf\/wp-content\/uploads\/sites\/2\/2024\/09\/dipolo-1024x768.jpg 1024w, https:\/\/web.inf.ufpr.br\/dinf\/wp-content\/uploads\/sites\/2\/2024\/09\/dipolo-300x225.jpg 300w, https:\/\/web.inf.ufpr.br\/dinf\/wp-content\/uploads\/sites\/2\/2024\/09\/dipolo-768x576.jpg 768w, https:\/\/web.inf.ufpr.br\/dinf\/wp-content\/uploads\/sites\/2\/2024\/09\/dipolo-1536x1152.jpg 1536w, https:\/\/web.inf.ufpr.br\/dinf\/wp-content\/uploads\/sites\/2\/2024\/09\/dipolo.jpg 1920w\" sizes=\"(max-width: 1024px) 100vw, 1024px\" \/><\/figure>\n\n\n\n<figure class=\"wp-block-image size-large\"><img loading=\"lazy\" decoding=\"async\" width=\"1024\" height=\"450\" data-id=\"2141\" src=\"https:\/\/web.inf.ufpr.br\/dinf\/wp-content\/uploads\/sites\/2\/2024\/09\/dinossaurada-1024x450.jpg\" alt=\"\" class=\"wp-image-2141\" srcset=\"https:\/\/web.inf.ufpr.br\/dinf\/wp-content\/uploads\/sites\/2\/2024\/09\/dinossaurada-1024x450.jpg 1024w, https:\/\/web.inf.ufpr.br\/dinf\/wp-content\/uploads\/sites\/2\/2024\/09\/dinossaurada-300x132.jpg 300w, https:\/\/web.inf.ufpr.br\/dinf\/wp-content\/uploads\/sites\/2\/2024\/09\/dinossaurada-768x337.jpg 768w, https:\/\/web.inf.ufpr.br\/dinf\/wp-content\/uploads\/sites\/2\/2024\/09\/dinossaurada-1536x674.jpg 1536w, https:\/\/web.inf.ufpr.br\/dinf\/wp-content\/uploads\/sites\/2\/2024\/09\/dinossaurada.jpg 1920w\" sizes=\"(max-width: 1024px) 100vw, 1024px\" \/><\/figure>\n\n\n\n<figure class=\"wp-block-image size-large\"><img loading=\"lazy\" decoding=\"async\" width=\"1024\" height=\"768\" data-id=\"2143\" src=\"https:\/\/web.inf.ufpr.br\/dinf\/wp-content\/uploads\/sites\/2\/2024\/09\/trepacolinas-1024x768.jpg\" alt=\"\" class=\"wp-image-2143\" srcset=\"https:\/\/web.inf.ufpr.br\/dinf\/wp-content\/uploads\/sites\/2\/2024\/09\/trepacolinas-1024x768.jpg 1024w, https:\/\/web.inf.ufpr.br\/dinf\/wp-content\/uploads\/sites\/2\/2024\/09\/trepacolinas-300x225.jpg 300w, https:\/\/web.inf.ufpr.br\/dinf\/wp-content\/uploads\/sites\/2\/2024\/09\/trepacolinas-768x576.jpg 768w, https:\/\/web.inf.ufpr.br\/dinf\/wp-content\/uploads\/sites\/2\/2024\/09\/trepacolinas-1536x1152.jpg 1536w, https:\/\/web.inf.ufpr.br\/dinf\/wp-content\/uploads\/sites\/2\/2024\/09\/trepacolinas.jpg 1920w\" sizes=\"(max-width: 1024px) 100vw, 1024px\" \/><\/figure>\n\n\n\n<figure class=\"wp-block-image size-large\"><img loading=\"lazy\" decoding=\"async\" width=\"1024\" height=\"768\" data-id=\"2142\" src=\"https:\/\/web.inf.ufpr.br\/dinf\/wp-content\/uploads\/sites\/2\/2024\/09\/3reprovados-1024x768.jpg\" alt=\"\" class=\"wp-image-2142\" srcset=\"https:\/\/web.inf.ufpr.br\/dinf\/wp-content\/uploads\/sites\/2\/2024\/09\/3reprovados-1024x768.jpg 1024w, https:\/\/web.inf.ufpr.br\/dinf\/wp-content\/uploads\/sites\/2\/2024\/09\/3reprovados-300x225.jpg 300w, https:\/\/web.inf.ufpr.br\/dinf\/wp-content\/uploads\/sites\/2\/2024\/09\/3reprovados-768x576.jpg 768w, https:\/\/web.inf.ufpr.br\/dinf\/wp-content\/uploads\/sites\/2\/2024\/09\/3reprovados-1536x1152.jpg 1536w, https:\/\/web.inf.ufpr.br\/dinf\/wp-content\/uploads\/sites\/2\/2024\/09\/3reprovados.jpg 1920w\" sizes=\"(max-width: 1024px) 100vw, 1024px\" \/><\/figure>\n\n\n\n<figure class=\"wp-block-image size-large\"><img loading=\"lazy\" decoding=\"async\" width=\"1024\" height=\"450\" data-id=\"2145\" src=\"https:\/\/web.inf.ufpr.br\/dinf\/wp-content\/uploads\/sites\/2\/2024\/09\/blumenaupaulista-1024x450.jpg\" alt=\"\" class=\"wp-image-2145\" srcset=\"https:\/\/web.inf.ufpr.br\/dinf\/wp-content\/uploads\/sites\/2\/2024\/09\/blumenaupaulista-1024x450.jpg 1024w, https:\/\/web.inf.ufpr.br\/dinf\/wp-content\/uploads\/sites\/2\/2024\/09\/blumenaupaulista-300x132.jpg 300w, https:\/\/web.inf.ufpr.br\/dinf\/wp-content\/uploads\/sites\/2\/2024\/09\/blumenaupaulista-768x337.jpg 768w, https:\/\/web.inf.ufpr.br\/dinf\/wp-content\/uploads\/sites\/2\/2024\/09\/blumenaupaulista-1536x674.jpg 1536w, https:\/\/web.inf.ufpr.br\/dinf\/wp-content\/uploads\/sites\/2\/2024\/09\/blumenaupaulista.jpg 1920w\" sizes=\"(max-width: 1024px) 100vw, 1024px\" \/><\/figure>\n\n\n\n<figure class=\"wp-block-image size-large\"><img loading=\"lazy\" decoding=\"async\" width=\"1024\" height=\"768\" data-id=\"2144\" src=\"https:\/\/web.inf.ufpr.br\/dinf\/wp-content\/uploads\/sites\/2\/2024\/09\/kao-1024x768.jpg\" alt=\"\" class=\"wp-image-2144\" srcset=\"https:\/\/web.inf.ufpr.br\/dinf\/wp-content\/uploads\/sites\/2\/2024\/09\/kao-1024x768.jpg 1024w, https:\/\/web.inf.ufpr.br\/dinf\/wp-content\/uploads\/sites\/2\/2024\/09\/kao-300x225.jpg 300w, https:\/\/web.inf.ufpr.br\/dinf\/wp-content\/uploads\/sites\/2\/2024\/09\/kao-768x576.jpg 768w, https:\/\/web.inf.ufpr.br\/dinf\/wp-content\/uploads\/sites\/2\/2024\/09\/kao-1536x1152.jpg 1536w, https:\/\/web.inf.ufpr.br\/dinf\/wp-content\/uploads\/sites\/2\/2024\/09\/kao.jpg 1920w\" sizes=\"(max-width: 1024px) 100vw, 1024px\" \/><\/figure>\n\n\n\n<figure class=\"wp-block-image size-large\"><img loading=\"lazy\" decoding=\"async\" width=\"1024\" height=\"450\" data-id=\"2146\" src=\"https:\/\/web.inf.ufpr.br\/dinf\/wp-content\/uploads\/sites\/2\/2024\/09\/seniorhtml-1024x450.jpg\" alt=\"\" class=\"wp-image-2146\" srcset=\"https:\/\/web.inf.ufpr.br\/dinf\/wp-content\/uploads\/sites\/2\/2024\/09\/seniorhtml-1024x450.jpg 1024w, https:\/\/web.inf.ufpr.br\/dinf\/wp-content\/uploads\/sites\/2\/2024\/09\/seniorhtml-300x132.jpg 300w, https:\/\/web.inf.ufpr.br\/dinf\/wp-content\/uploads\/sites\/2\/2024\/09\/seniorhtml-768x337.jpg 768w, https:\/\/web.inf.ufpr.br\/dinf\/wp-content\/uploads\/sites\/2\/2024\/09\/seniorhtml-1536x674.jpg 1536w, https:\/\/web.inf.ufpr.br\/dinf\/wp-content\/uploads\/sites\/2\/2024\/09\/seniorhtml.jpg 1920w\" sizes=\"(max-width: 1024px) 100vw, 1024px\" \/><\/figure>\n\n\n\n<figure class=\"wp-block-image size-large\"><img loading=\"lazy\" decoding=\"async\" width=\"1024\" height=\"768\" data-id=\"2147\" src=\"https:\/\/web.inf.ufpr.br\/dinf\/wp-content\/uploads\/sites\/2\/2024\/09\/torturedprogrammers-1024x768.jpg\" alt=\"\" class=\"wp-image-2147\" srcset=\"https:\/\/web.inf.ufpr.br\/dinf\/wp-content\/uploads\/sites\/2\/2024\/09\/torturedprogrammers-1024x768.jpg 1024w, https:\/\/web.inf.ufpr.br\/dinf\/wp-content\/uploads\/sites\/2\/2024\/09\/torturedprogrammers-300x225.jpg 300w, https:\/\/web.inf.ufpr.br\/dinf\/wp-content\/uploads\/sites\/2\/2024\/09\/torturedprogrammers-768x576.jpg 768w, https:\/\/web.inf.ufpr.br\/dinf\/wp-content\/uploads\/sites\/2\/2024\/09\/torturedprogrammers-1536x1152.jpg 1536w, https:\/\/web.inf.ufpr.br\/dinf\/wp-content\/uploads\/sites\/2\/2024\/09\/torturedprogrammers.jpg 1920w\" sizes=\"(max-width: 1024px) 100vw, 1024px\" \/><\/figure>\n<\/figure>\n\n\n\n<p>Confira abaixo a lista completa de alunos da UFPR que participaram da primeira fase da maratona:<\/p>\n\n\n\n<ul class=\"wp-block-list\">\n<li><strong>Time:<\/strong> The Tortured Programmers Department\u00a0\u2013 Juliana Zambon; Luize Cunha Duarte; Millena Suaini Costa.<\/li>\n\n\n\n<li><strong>Time:<\/strong> \/* very well-informed guess *\/ \u00a0\u2013 Pedro Vinicius de Sousa da Silva; Raul Gomes Pimentel de Almeida; Thiago Jos\u00e9 Theobaldo Trannin.<\/li>\n\n\n\n<li><strong>Time:<\/strong> Programa\u00e7\u00e3o Casual \u2013 David Lucas Pereira Gomes; Gabriel Lisboa Conegero; Roberto Sprengel Minozzo Tomchak.<\/li>\n\n\n\n<li><strong>Time:<\/strong> Trepa Colinas \u2013 Anderson Aparecido do Carmo Fras\u00e3o; Marcus Vin\u00edcius Residoefer Pereira; Muriki Gusm\u00e3o Yamanaka.<\/li>\n\n\n\n<li><strong>Time: <\/strong>Circuito_Honors \u2013 Antonio de Ressurei\u00e7\u00e3o Filho; Arthur Ribas de Oliveira; Nathan Endo.<\/li>\n\n\n\n<li><strong>Time:<\/strong> TremBoys \u2013 Eduardo Alencar Furtado Machoski; Enzo Langer; Igor Neves da Silva.<\/li>\n\n\n\n<li><strong>Time:<\/strong> Fault || criatividade \u2013 Alexandre de Oliveira Plugge Freitas; Guilherme Pateiro; Rafael Munhoz de Cunha Marques.<\/li>\n\n\n\n<li><strong>Time:<\/strong> Blumenau Paulista\u00a0\u2013 Kau\u00ea de Amorim Silva; Vin\u00edcius Hasse Nascimento; V\u00edctor Hugo Weigmann Chequer Maia.<\/li>\n\n\n\n<li><strong>Time:<\/strong> Senior HTML Engineers\u00a0\u2013 Bruno Corrado Crestani; Leonardo Pfeng; Gustavo Friedrich Jakobi.<\/li>\n\n\n\n<li><strong>Time: <\/strong>Dinossaurada\u00a0\u2013 Jo\u00e3o Meyer Muhlmann; Tiago Augusto Fiatte Prestes; Vitor Faria Medeiros da Silveira.<\/li>\n\n\n\n<li><strong>Time:<\/strong> K\u00e3o\u00a0\u2013 Camila Yuki Shibata; Leonardo Prazeres Tosin; Raphael Gaias Wrublewski.<\/li>\n\n\n\n<li><strong>Time:<\/strong> DiPolo Induzido\u00a0\u2013 Gabriel Henrique Polo; Pedro Pierobon Marynowski; Vin\u00edcius Gregorio Fucci.<\/li>\n\n\n\n<li><strong>Time:<\/strong> Davi\u2019s Fan Club\u00a0\u2013 Fernando de Barros Castro; Vinicius Jeremias dos Santos; Ruibin Mei.<\/li>\n\n\n\n<li><strong>Time:<\/strong> Os 3 Reprovados \u2013 Matheus Gimenes da Silva Viana; Matheus Telles Batista; Davi Garcia Lazzarin.<\/li>\n<\/ul>\n","protected":false},"excerpt":{"rendered":"<p>Etapa nacional do evento organizado pela SBC ser\u00e1 entre os dias 8 e 10 de novembro em Jo\u00e3o Pessoa A equipe \u201c\/* very well-informed guess *\/\u201d, composta pelos alunos do Departamento de Inform\u00e1tica (Dinf) da Universidade Federal do Paran\u00e1 (UFPR), Pedro Vinicius de Sousa da Silva, Raul Gomes Pimentel de Almeida e Thiago Jos\u00e9 Theobaldo&hellip;<\/p>\n","protected":false},"author":101,"featured_media":0,"comment_status":"closed","ping_status":"closed","sticky":false,"template":"","format":"standard","meta":{"footnotes":""},"categories":[1],"tags":[],"class_list":["post-2132","post","type-post","status-publish","format-standard","hentry","category-sem-categoria"],"_links":{"self":[{"href":"https:\/\/web.inf.ufpr.br\/dinf\/index.php?rest_route=\/wp\/v2\/posts\/2132","targetHints":{"allow":["GET"]}}],"collection":[{"href":"https:\/\/web.inf.ufpr.br\/dinf\/index.php?rest_route=\/wp\/v2\/posts"}],"about":[{"href":"https:\/\/web.inf.ufpr.br\/dinf\/index.php?rest_route=\/wp\/v2\/types\/post"}],"author":[{"embeddable":true,"href":"https:\/\/web.inf.ufpr.br\/dinf\/index.php?rest_route=\/wp\/v2\/users\/101"}],"replies":[{"embeddable":true,"href":"https:\/\/web.inf.ufpr.br\/dinf\/index.php?rest_route=%2Fwp%2Fv2%2Fcomments&post=2132"}],"version-history":[{"count":1,"href":"https:\/\/web.inf.ufpr.br\/dinf\/index.php?rest_route=\/wp\/v2\/posts\/2132\/revisions"}],"predecessor-version":[{"id":2148,"href":"https:\/\/web.inf.ufpr.br\/dinf\/index.php?rest_route=\/wp\/v2\/posts\/2132\/revisions\/2148"}],"wp:attachment":[{"href":"https:\/\/web.inf.ufpr.br\/dinf\/index.php?rest_route=%2Fwp%2Fv2%2Fmedia&parent=2132"}],"wp:term":[{"taxonomy":"category","embeddable":true,"href":"https:\/\/web.inf.ufpr.br\/dinf\/index.php?rest_route=%2Fwp%2Fv2%2Fcategories&post=2132"},{"taxonomy":"post_tag","embeddable":true,"href":"https:\/\/web.inf.ufpr.br\/dinf\/index.php?rest_route=%2Fwp%2Fv2%2Ftags&post=2132"}],"curies":[{"name":"wp","href":"https:\/\/api.w.org\/{rel}","templated":true}]}}